{"id":288031,"date":"2023-09-13T13:38:24","date_gmt":"2023-09-13T10:38:24","guid":{"rendered":"https:\/\/sana.sy\/tr\/?p=288031"},"modified":"2023-09-15T08:52:33","modified_gmt":"2023-09-15T05:52:33","slug":"shoigu-ukraynada-zafer-rusyanin-tek-secenegidir","status":"publish","type":"post","link":"https:\/\/archive.sana.sy\/tr\/?p=288031","title":{"rendered":"Shoigu: Ukrayna&#8217;da Zafer Rusya&#8217;n\u0131n Tek Se\u00e7ene\u011fidir"},"content":{"rendered":"<p style=\"text-align: justify;\"><strong>MOSKOVA 13 EYL\u00dcL (SANA)<\/strong> &#8211; Rusya Savunma Bakan\u0131 Sergei Shoigu bug\u00fcn Rusya&#8217;n\u0131n tek se\u00e7ene\u011finin Ukrayna&#8217;daki Rus \u00f6zel askeri operasyonunda zafere ula\u015fmak oldu\u011funu vurgulad\u0131.<\/p>\n<p style=\"text-align: justify;\">RT web sitesinde Shoigu&#8217;nun, Rusya&#8217;n\u0131n \u00f6zel askeri operasyonda galip gelip gelmeyece\u011fine ili\u015fkin bir soruya yan\u0131t olarak \u015fu s\u00f6zleri aktar\u0131ld\u0131: \u2018\u2019Ba\u015fka se\u00e7ene\u011fimiz yoktur.\u2019\u2019<\/p>\n<p style=\"text-align: justify;\">Rus kuvvetlerinin aktif savunma durumunda oldu\u011funa ve kar\u015f\u0131 sald\u0131r\u0131 ba\u015flatan Ukrayna kuvvetlerinin personel ve ekipmanlar\u0131n\u0131 imha etmeye devam etti\u011fine dikkat \u00e7ekti.<\/p>\n<p><a href=\"https:\/\/t.me\/SuriyeArapHaberAjansI\">Telegram Kanal\u0131m\u0131z\u00a0<\/a><\/p>\n<p><a href=\"https:\/\/www.facebook.com\/SANAHaberAjansi\/\">Facebook Sayfam\u0131z<\/a><\/p>\n<p><a href=\"https:\/\/twitter.com\/arap_ajans\">Twitter Hesab\u0131m\u0131z<\/a><\/p>\n","protected":false},"excerpt":{"rendered":"<p>MOSKOVA 13 EYL\u00dcL (SANA) &#8211; Rusya Savunma Bakan\u0131 Sergei Shoigu bug\u00fcn Rusya&#8217;n\u0131n tek se\u00e7ene\u011finin Ukrayna&#8217;daki Rus \u00f6zel askeri operasyonunda zafere ula\u015fmak oldu\u011funu vurgulad\u0131. RT web sitesinde Shoigu&#8217;nun, Rusya&#8217;n\u0131n \u00f6zel askeri operasyonda galip gelip gelmeyece\u011fine ili\u015fkin bir soruya yan\u0131t olarak \u015fu s\u00f6zleri aktar\u0131ld\u0131: \u2018\u2019Ba\u015fka se\u00e7ene\u011fimiz yoktur.\u2019\u2019 Rus kuvvetlerinin aktif savunma durumunda oldu\u011funa ve kar\u015f\u0131 sald\u0131r\u0131 ba\u015flatan &hellip;<\/p>\n","protected":false},"author":41,"featured_media":288032,"comment_status":"closed","ping_status":"closed","sticky":false,"template":"","format":"standard","meta":{"footnotes":""},"categories":[458,459,17988],"tags":[24739,38954,38284,39729],"class_list":["post-288031","post","type-post","status-publish","format-standard","has-post-thumbnail","","category-dunya1","category-haberler-arap-uluslararasi-politika","category-son-haberler","tag-rt-web-sitesi","tag-rusya-savunma-bakani-sergei-shoigu","tag-rusyanin-ukraynada-savasi","tag-shoigu-ukraynada-zafer-rusyanin-tek-secenegidir"],"_links":{"self":[{"href":"https:\/\/archive.sana.sy\/tr\/index.php?rest_route=\/wp\/v2\/posts\/288031","targetHints":{"allow":["GET"]}}],"collection":[{"href":"https:\/\/archive.sana.sy\/tr\/index.php?rest_route=\/wp\/v2\/posts"}],"about":[{"href":"https:\/\/archive.sana.sy\/tr\/index.php?rest_route=\/wp\/v2\/types\/post"}],"author":[{"embeddable":true,"href":"https:\/\/archive.sana.sy\/tr\/index.php?rest_route=\/wp\/v2\/users\/41"}],"replies":[{"embeddable":true,"href":"https:\/\/archive.sana.sy\/tr\/index.php?rest_route=%2Fwp%2Fv2%2Fcomments&post=288031"}],"version-history":[{"count":1,"href":"https:\/\/archive.sana.sy\/tr\/index.php?rest_route=\/wp\/v2\/posts\/288031\/revisions"}],"predecessor-version":[{"id":288033,"href":"https:\/\/archive.sana.sy\/tr\/index.php?rest_route=\/wp\/v2\/posts\/288031\/revisions\/288033"}],"wp:featuredmedia":[{"embeddable":true,"href":"https:\/\/archive.sana.sy\/tr\/index.php?rest_route=\/wp\/v2\/media\/288032"}],"wp:attachment":[{"href":"https:\/\/archive.sana.sy\/tr\/index.php?rest_route=%2Fwp%2Fv2%2Fmedia&parent=288031"}],"wp:term":[{"taxonomy":"category","embeddable":true,"href":"https:\/\/archive.sana.sy\/tr\/index.php?rest_route=%2Fwp%2Fv2%2Fcategories&post=288031"},{"taxonomy":"post_tag","embeddable":true,"href":"https:\/\/archive.sana.sy\/tr\/index.php?rest_route=%2Fwp%2Fv2%2Ftags&post=288031"}],"curies":[{"name":"wp","href":"https:\/\/api.w.org\/{rel}","templated":true}]}}