{"id":288037,"date":"2023-09-13T14:34:37","date_gmt":"2023-09-13T11:34:37","guid":{"rendered":"https:\/\/sana.sy\/tr\/?p=288037"},"modified":"2023-09-15T08:53:22","modified_gmt":"2023-09-15T05:53:22","slug":"saglik-bakani-irakin-sam-buyukelciligi-maslahatguzari-ile-saglik-alaninda-isbirligini-gorustu","status":"publish","type":"post","link":"https:\/\/archive.sana.sy\/tr\/?p=288037","title":{"rendered":"Sa\u011fl\u0131k Bakan\u0131, Irak&#8217;\u0131n \u015eam B\u00fcy\u00fckel\u00e7ili\u011fi Maslahatg\u00fczar\u0131 \u0130le Sa\u011fl\u0131k Alan\u0131nda \u0130\u015fbirli\u011fini G\u00f6r\u00fc\u015ft\u00fc"},"content":{"rendered":"<p style=\"text-align: justify;\"><strong>\u015eAM 13 EYL\u00dcL (SANA)<\/strong> &#8211; Sa\u011fl\u0131k Bakan\u0131 Hasan Muhammad Gabba\u015f, Irak&#8217;\u0131n \u015eam B\u00fcy\u00fckel\u00e7ili\u011fi Maslahatg\u00fczar\u0131 Yasin \u015eerif El Huceyimi ile sa\u011fl\u0131k alan\u0131nda i\u015fbirli\u011fi ve koordinasyonu geli\u015ftirmenin yollar\u0131n\u0131 g\u00f6r\u00fc\u015ft\u00fc.<\/p>\n<p style=\"text-align: justify;\"><img loading=\"lazy\" decoding=\"async\" class=\"size-full wp-image-288039 alignright\" src=\"http:\/\/sana.sy\/tr\/wp-content\/uploads\/2023\/09\/DSC_6997-300x200-1.jpg\" alt=\"\" width=\"300\" height=\"200\" \/>Bug\u00fcn Bakanl\u0131k binas\u0131nda ger\u00e7ekle\u015ftirilen toplant\u0131n\u0131n konular\u0131, iki taraf aras\u0131nda sa\u011fl\u0131k i\u015fbirli\u011fini takip etmek ve medikal turizmi te\u015fvik etmek i\u00e7in ortak teknik komiteler kurma olas\u0131l\u0131\u011f\u0131na ek olarak, \u00a0\u00f6zellikle ila\u00e7 end\u00fcstrisi alan\u0131nda i\u015fbirli\u011finin geli\u015ftirilmesi ve deneyim al\u0131\u015fveri\u015fi \u00fczerinde yo\u011funla\u015ft\u0131.<\/p>\n<p style=\"text-align: justify;\">Bakan Gabba\u015f ayr\u0131ca, \u00f6zellikle ila\u00e7lar\u0131n ruhsatland\u0131r\u0131lmas\u0131 ve Irak ila\u00e7 pazar\u0131na ihra\u00e7 edilmesi konusunda sa\u011fl\u0131k sekt\u00f6r\u00fcnde ortak ili\u015fkilerin geli\u015ftirilmesi gerekti\u011fini vurgulad\u0131.<\/p>\n<p style=\"text-align: justify;\">El Huceymi de iki \u00fclke aras\u0131ndaki ili\u015fkilerin her d\u00fczeyde derinli\u011fine vurgu yaparak, \u00e7e\u015fitli sa\u011fl\u0131k alanlar\u0131nda i\u015fbirli\u011finin g\u00fc\u00e7lendirilmesinin ve acil t\u0131p gibi Suriye t\u0131bbi uzmanl\u0131klar\u0131ndan faydalanman\u0131n \u00f6nemine dikkat \u00e7ekti.<\/p>\n<p style=\"text-align: justify;\"><a href=\"https:\/\/t.me\/SuriyeArapHaberAjansI\">Telegram Kanal\u0131m\u0131z\u00a0<\/a><\/p>\n<p style=\"text-align: justify;\"><a href=\"https:\/\/www.facebook.com\/SANAHaberAjansi\/\">Facebook Sayfam\u0131z<\/a><\/p>\n<p style=\"text-align: justify;\"><a href=\"https:\/\/twitter.com\/arap_ajans\">Twitter Hesab\u0131m\u0131z<\/a><\/p>\n","protected":false},"excerpt":{"rendered":"<p>\u015eAM 13 EYL\u00dcL (SANA) &#8211; Sa\u011fl\u0131k Bakan\u0131 Hasan Muhammad Gabba\u015f, Irak&#8217;\u0131n \u015eam B\u00fcy\u00fckel\u00e7ili\u011fi Maslahatg\u00fczar\u0131 Yasin \u015eerif El Huceyimi ile sa\u011fl\u0131k alan\u0131nda i\u015fbirli\u011fi ve koordinasyonu geli\u015ftirmenin yollar\u0131n\u0131 g\u00f6r\u00fc\u015ft\u00fc. Bug\u00fcn Bakanl\u0131k binas\u0131nda ger\u00e7ekle\u015ftirilen toplant\u0131n\u0131n konular\u0131, iki taraf aras\u0131nda sa\u011fl\u0131k i\u015fbirli\u011fini takip etmek ve medikal turizmi te\u015fvik etmek i\u00e7in ortak teknik komiteler kurma olas\u0131l\u0131\u011f\u0131na ek olarak, \u00a0\u00f6zellikle ila\u00e7 &hellip;<\/p>\n","protected":false},"author":41,"featured_media":288038,"comment_status":"closed","ping_status":"closed","sticky":false,"template":"","format":"standard","meta":{"footnotes":""},"categories":[479,17988,478],"tags":[39736,4121,19043,19174,22182],"class_list":["post-288037","post","type-post","status-publish","format-standard","has-post-thumbnail","","category-haberler-yerel","category-son-haberler","category-yerel","tag-irakin-sam-buyukelciligi-maslahatguzari-ile-saglik-alaninda-isbirligini-gorustu","tag-saglik-bakani","tag-suriyede-son-durum","tag-suriyede-son-durumlar","tag-suriyede-savas"],"_links":{"self":[{"href":"https:\/\/archive.sana.sy\/tr\/index.php?rest_route=\/wp\/v2\/posts\/288037","targetHints":{"allow":["GET"]}}],"collection":[{"href":"https:\/\/archive.sana.sy\/tr\/index.php?rest_route=\/wp\/v2\/posts"}],"about":[{"href":"https:\/\/archive.sana.sy\/tr\/index.php?rest_route=\/wp\/v2\/types\/post"}],"author":[{"embeddable":true,"href":"https:\/\/archive.sana.sy\/tr\/index.php?rest_route=\/wp\/v2\/users\/41"}],"replies":[{"embeddable":true,"href":"https:\/\/archive.sana.sy\/tr\/index.php?rest_route=%2Fwp%2Fv2%2Fcomments&post=288037"}],"version-history":[{"count":1,"href":"https:\/\/archive.sana.sy\/tr\/index.php?rest_route=\/wp\/v2\/posts\/288037\/revisions"}],"predecessor-version":[{"id":288040,"href":"https:\/\/archive.sana.sy\/tr\/index.php?rest_route=\/wp\/v2\/posts\/288037\/revisions\/288040"}],"wp:featuredmedia":[{"embeddable":true,"href":"https:\/\/archive.sana.sy\/tr\/index.php?rest_route=\/wp\/v2\/media\/288038"}],"wp:attachment":[{"href":"https:\/\/archive.sana.sy\/tr\/index.php?rest_route=%2Fwp%2Fv2%2Fmedia&parent=288037"}],"wp:term":[{"taxonomy":"category","embeddable":true,"href":"https:\/\/archive.sana.sy\/tr\/index.php?rest_route=%2Fwp%2Fv2%2Fcategories&post=288037"},{"taxonomy":"post_tag","embeddable":true,"href":"https:\/\/archive.sana.sy\/tr\/index.php?rest_route=%2Fwp%2Fv2%2Ftags&post=288037"}],"curies":[{"name":"wp","href":"https:\/\/api.w.org\/{rel}","templated":true}]}}