{"id":288223,"date":"2025-06-28T17:30:12","date_gmt":"2025-06-28T14:30:12","guid":{"rendered":"https:\/\/sana.sy\/tr\/?p=288223"},"modified":"2025-06-28T17:46:43","modified_gmt":"2025-06-28T14:46:43","slug":"hicri-tarihini-kim-belirledi","status":"publish","type":"post","link":"https:\/\/archive.sana.sy\/tr\/?p=288223","title":{"rendered":"Hicri Tarihini Kim Belirledi?"},"content":{"rendered":"<p style=\"text-align: justify;\"><strong><span style=\"color: #800000;\">\u015eAM (SANA)<\/span> &#8211; <\/strong>\u00a0Hicri takvimi (\u0130slam takvimini) ilk kuran, M\u00fcsl\u00fcmanlar\u0131n ikinci halifesi Hz. \u00d6mer bin Hattab (&#8220;\u00d6mer&#8217;ul-Far\u00fbk&#8221;) olmu\u015ftur.<\/p>\n<p style=\"text-align: justify;\">Hicri takvim daha \u00f6nce bilinen Arap aylar\u0131na dayan\u0131yordu, ancak M\u00fcsl\u00fcmanlar i\u00e7in Hicri tarihi sayman\u0131n ba\u015flang\u0131c\u0131, en b\u00fcy\u00fck Peygamber Muhammed&#8217;in (s.a.v) Mekke&#8217;den Medine&#8217;ye g\u00f6\u00e7 etti\u011fi zamand\u0131.<\/p>\n<p style=\"text-align: justify;\">Peygamberimizin hicreti \u0130slam tarihinin en \u00f6nemli olaylar\u0131ndan biri olarak kabul edilir. Ho\u015fg\u00f6r\u00fc, \u015fefkat ve rahmet \u00fczerine kurulu devlet i\u00e7in yeni bir d\u00f6nemin ba\u015flang\u0131c\u0131d\u0131r.<\/p>\n<p style=\"text-align: justify;\">Hicri takvimin ilk g\u00fcn\u00fc, Hicri birinci y\u0131l\u0131n Muharrem ay\u0131n\u0131n ilk g\u00fcn\u00fc olup, takvim y\u0131l\u0131n\u0131n alt\u0131y\u00fczyirmiikinci y\u0131l\u0131n\u0131n Temmuz ay\u0131n\u0131n on alt\u0131s\u0131na tekab\u00fcl etmektedir.<\/p>\n<p style=\"text-align: justify;\"><strong><span style=\"color: #ff0000;\">Hicri Takvimi Kullan\u0131m\u0131:<\/span> <\/strong><\/p>\n<p style=\"text-align: justify;\">Hicri takvim \u0130slam d\u00fcnyas\u0131 \u00fclkelerinde kullan\u0131lmaktad\u0131r; Bunu kendi \u00fclkeleri i\u00e7in resmi takvim olarak kullanan \u00fclkeler oldu\u011fu gibi, \u00f6nemli dini olaylar\u0131n tarihlerini belirlemek i\u00e7in kullanan ba\u015fka \u00fclkeler de var.<\/p>\n<p style=\"text-align: justify;\">\u0130slam&#8217;\u0131n rit\u00fcelleri ve g\u00f6revleri bu takvime ba\u011fl\u0131yd\u0131. Bunlar\u0131n ba\u015f\u0131nda hac ve oru\u00e7 ibadetleri gelmektedir.<\/p>\n<p style=\"text-align: justify;\"><strong><img loading=\"lazy\" decoding=\"async\" class=\" wp-image-288225 alignright\" src=\"http:\/\/sana.sy\/tr\/wp-content\/uploads\/2023\/09\/hicri-takvim-hakkinda-genel-bilgi-660x495-1.jpg\" alt=\"\" width=\"375\" height=\"281\" srcset=\"https:\/\/archive.sana.sy\/tr\/wp-content\/uploads\/2023\/09\/hicri-takvim-hakkinda-genel-bilgi-660x495-1.jpg 660w, https:\/\/archive.sana.sy\/tr\/wp-content\/uploads\/2023\/09\/hicri-takvim-hakkinda-genel-bilgi-660x495-1-300x225.jpg 300w\" sizes=\"auto, (max-width: 375px) 100vw, 375px\" \/><span style=\"color: #ff0000;\">Hicri Takvimi \u00d6nemi:<\/span> <\/strong><\/p>\n<p style=\"text-align: justify;\">Hicri Tarihin \u00d6nemi: Daha \u00f6nce de belirtti\u011fimiz gibi Hicri takvim, Cenab-\u0131 Hakk&#8217;\u0131n M\u00fcsl\u00fcmanlara y\u00fckledi\u011fi y\u00fck\u00fcml\u00fcl\u00fcklerle ili\u015fkilendirilmi\u015ftir. \u00d6rne\u011fin M\u00fcsl\u00fcmanlar Hicri y\u0131l\u0131n dokuzuncu ay\u0131 olan kutsal Ramazan ay\u0131nda oru\u00e7 tutarlar.<\/p>\n<p style=\"text-align: justify;\">S\u0131cakl\u0131\u011f\u0131n yayg\u0131n olmas\u0131 ve g\u00fcne\u015f \u0131\u015f\u0131\u011f\u0131n\u0131n yo\u011fun olmas\u0131 nedeniyle bu ismi alm\u0131\u015f olup, m\u00fcbarek Ramazan ay\u0131nda oru\u00e7 tutmak, g\u00fcc\u00fc yeten her M\u00fcsl\u00fcmana farzd\u0131r.<\/p>\n<p style=\"text-align: justify;\"><strong><span style=\"color: #ff0000;\">Hicri Takvimde Aylar\u0131n Dizili\u015fi:<\/span> <\/strong><\/p>\n<p style=\"text-align: justify;\">Hicri takvimin aylar\u0131 Muharrem ay\u0131 ile ba\u015flay\u0131p Zilhicce ay\u0131 ile biten on iki ayd\u0131r.<\/p>\n<p style=\"text-align: justify;\"><span style=\"color: #ff0000;\"><strong>\u00a0Bunlar s\u0131ras\u0131yla a\u015fa\u011f\u0131daki gibidir:<\/strong><\/span><\/p>\n<section class=\"entry entry--image image\" data-id=\"616e0898329bd3bf3ea0732e\">\n<figure id=\"616e0898329bd3bf3ea0732e\" class=\"relative\"><figcaption>\n<ul>\n<li style=\"text-align: justify;\"><strong><span style=\"color: #0000ff;\">Muharrem Ay\u0131:<\/span>\u00a0<\/strong>Hicri takvimin ilk ay\u0131d\u0131r ve Allah&#8217;\u0131n ay\u0131 anlam\u0131na gelir. Bundan dolay\u0131 da haram ay olarak nitelendirilmi\u015ftir. Hicri takvimde y\u0131lba\u015f\u0131 Muharrem ay\u0131n\u0131n ilk g\u00fcn\u00fc ile ba\u015flar.<\/li>\n<li style=\"text-align: justify;\"><span style=\"color: #0000ff;\"><strong>Safer Ay\u0131:\u00a0<\/strong><\/span>Hicri takvimin ikinci ay\u0131na bu ismin verilmesinin nedeni ise Mekkelilerin \u015fehri terk edip yolculu\u011fa \u00e7\u0131kt\u0131lar\u0131 zaman\u0131n bu ay olmas\u0131ndan dolay\u0131d\u0131r.<\/li>\n<li style=\"text-align: justify;\"><strong><span style=\"color: #0000ff;\">Rebi\u00fclevvel Ay\u0131:<\/span>\u00a0<\/strong>Mevlid Kandili&#8217;nin kutland\u0131\u011f\u0131 ay olan Rebi\u00fclevvel ay\u0131, takvimin \u00fc\u00e7\u00fcnc\u00fc ay\u0131d\u0131r. Rebi\u00fclevvel kelimesi ise bahar anlam\u0131na gelmektedir.<\/li>\n<li style=\"text-align: justify;\"><span style=\"color: #0000ff;\"><strong>Rebi\u00fclahir Ay\u0131:\u00a0<\/strong><\/span>Hicri takvimin d\u00f6rd\u00fcnc\u00fc ay\u0131d\u0131r. Bu ayda \u0130slamiyet&#8217;e dair herhangi bir geli\u015fme olmam\u0131\u015ft\u0131r. Bu ay\u0131nda bahar anlam\u0131na gelmesinin nedeni ise M\u00fcsl\u00fcmanlar\u0131n bu zamanlarda hayvanlar\u0131n\u0131 otlatmak i\u00e7in salmas\u0131d\u0131r.<\/li>\n<li style=\"text-align: justify;\"><strong><span style=\"color: #0000ff;\">Cemaziyelevvel Ay\u0131:<\/span>\u00a0<\/strong>Kurak ve so\u011fuk anlam\u0131na gelen bu ay, hicri takvimin be\u015finci ay\u0131d\u0131r.<\/li>\n<li style=\"text-align: justify;\"><span style=\"color: #0000ff;\"><strong>Cemaziyelahir Ay\u0131:\u00a0<\/strong><\/span>Hicri takvimin alt\u0131nc\u0131 ay\u0131d\u0131r. Bu ay\u0131n kelime anlam\u0131 ise son kurak toprakt\u0131r.<\/li>\n<li style=\"text-align: justify;\"><strong><span style=\"color: #0000ff;\">Recep Ay\u0131:<\/span>\u00a0<\/strong>Hicri takvimin yedinci ay\u0131 olan Recep ay\u0131, M\u00fcsl\u00fcmanlar i\u00e7in olduk\u00e7a \u00f6nemlidir. Ayr\u0131ca \u00fc\u00e7 aylar\u0131n ba\u015flang\u0131c\u0131 olarak kabul edildi\u011fi i\u00e7in haram ayd\u0131r.<\/li>\n<li style=\"text-align: justify;\"><strong><span style=\"color: #0000ff;\">\u015eaban Ay\u0131:<\/span>\u00a0<\/strong>Hicri takvimin sekizinci ay\u0131d\u0131r. \u015eaban; da\u011f\u0131lma ve ayr\u0131lma anlamlar\u0131na gelir. Bu ismin verilmesinin nedeni ise bu aylarda b\u00f6lgede su k\u0131tl\u0131\u011f\u0131 ya\u015fayan insanlar\u0131n, su bulmak amac\u0131yla etrafa da\u011f\u0131lmas\u0131d\u0131r.<\/li>\n<li style=\"text-align: justify;\"><span style=\"color: #0000ff;\"><strong>Ramazan Ay\u0131:\u00a0<\/strong><\/span>\u0130slam d\u00fcnyas\u0131nda b\u00fcy\u00fck bir \u00f6neme sahip olan Ramazan ay\u0131, Kuran- \u0131 Kerim&#8217;in indirildi\u011fi ayd\u0131r. Hicri takvimin dokuzuncu ay\u0131na denk gelmektedir. 11 ay\u0131n sultan\u0131 olan bu ay, ayn\u0131 zamanda orucun tutuldu\u011fu ayd\u0131r.<\/li>\n<li style=\"text-align: justify;\"><strong><span style=\"color: #0000ff;\">\u015eevval Ay\u0131:<\/span>\u00a0<\/strong>Hicri takvimin onuncu ay\u0131d<span style=\"color: #000000;\">\u0131r ve\u00a0<a style=\"color: #000000;\" href=\"https:\/\/onedio.com\/ramazan-bayrami-haberleri\">Ramazan Bayram\u0131<\/a>&#8216;n\u0131 da i\u00e7ine al\u0131r. Bu aya \u015eevval denilmesinin nedeni ise havalar\u0131n\u00a0<a style=\"color: #000000;\" href=\"https:\/\/onedio.com\/sicak-haberleri\">s\u0131cak<\/a>oldu\u011fu zamanda develerin s\u00fct\u00fcn\u00fcn azalmas\u0131ndan kaynaklanmaktad\u0131r.<\/span><\/li>\n<li style=\"text-align: justify;\"><span style=\"color: #000000;\"><strong><span style=\"color: #0000ff;\">Zilkade Ay\u0131:<\/span>\u00a0<\/strong>Hicri takvimin on birinci ay\u0131d\u0131r. Araplar bu ayda sava\u015fmay\u0131 b\u0131rakt\u0131klar\u0131 i\u00e7in oturma ay\u0131 olarak da bilinmektedir. Ayn\u0131 zamanda haram aylar\u0131ndan bir tanesidir. \u0130ki bayram aras\u0131nda kald\u0131\u011f\u0131 i\u00e7in aral\u0131k ay\u0131 da denilmektedir.<\/span><\/li>\n<li style=\"text-align: justify;\"><span style=\"color: #000000;\"><strong><span style=\"color: #0000ff;\">Zilhicce Ay\u0131:<\/span>\u00a0<\/strong>Hicri takvimin on ikinci ve son ay\u0131d\u0131r. Bu ay,\u00a0<a style=\"color: #000000;\" href=\"https:\/\/onedio.com\/kurban-bayrami-haberleri\">Kurban Bayram\u0131<\/a>&#8216;n\u0131 da i\u00e7ine al\u0131r.\u00a0<a style=\"color: #000000;\" href=\"https:\/\/onedio.com\/hac-haberleri\">Hac<\/a>ibadeti bu aylarda yap\u0131lmaktad\u0131r. Haram ay olarak belirlenmi\u015ftir.<\/span><\/li>\n<\/ul>\n<\/figcaption><\/figure>\n<\/section>\n","protected":false},"excerpt":{"rendered":"<p>\u015eAM (SANA) &#8211; \u00a0Hicri takvimi (\u0130slam takvimini) ilk kuran, M\u00fcsl\u00fcmanlar\u0131n ikinci halifesi Hz. \u00d6mer bin Hattab (&#8220;\u00d6mer&#8217;ul-Far\u00fbk&#8221;) olmu\u015ftur. Hicri takvim daha \u00f6nce bilinen Arap aylar\u0131na dayan\u0131yordu, ancak M\u00fcsl\u00fcmanlar i\u00e7in Hicri tarihi sayman\u0131n ba\u015flang\u0131c\u0131, en b\u00fcy\u00fck Peygamber Muhammed&#8217;in (s.a.v) Mekke&#8217;den Medine&#8217;ye g\u00f6\u00e7 etti\u011fi zamand\u0131. Peygamberimizin hicreti \u0130slam tarihinin en \u00f6nemli olaylar\u0131ndan biri olarak kabul edilir. Ho\u015fg\u00f6r\u00fc, &hellip;<\/p>\n","protected":false},"author":41,"featured_media":308528,"comment_status":"closed","ping_status":"closed","sticky":false,"template":"","format":"standard","meta":{"footnotes":""},"categories":[526,541,17988,525,538],"tags":[42375,42377,42376,39773,39772],"class_list":["post-288223","post","type-post","status-publish","format-standard","has-post-thumbnail","","category-haber-ve-raporlar","category-haberler","category-son-haberler","category-toplum","category-yasam","tag-hicri-aylarin-anlami-nedir","tag-hicri-aylarin-kurma-nedeni","tag-hicri-aylarin-ortaya-cikma-sebebi","tag-hicri-takvimi-islam-takvimini-ilk-kurani","tag-hicri-tarihini-kim-belirledi"],"_links":{"self":[{"href":"https:\/\/archive.sana.sy\/tr\/index.php?rest_route=\/wp\/v2\/posts\/288223","targetHints":{"allow":["GET"]}}],"collection":[{"href":"https:\/\/archive.sana.sy\/tr\/index.php?rest_route=\/wp\/v2\/posts"}],"about":[{"href":"https:\/\/archive.sana.sy\/tr\/index.php?rest_route=\/wp\/v2\/types\/post"}],"author":[{"embeddable":true,"href":"https:\/\/archive.sana.sy\/tr\/index.php?rest_route=\/wp\/v2\/users\/41"}],"replies":[{"embeddable":true,"href":"https:\/\/archive.sana.sy\/tr\/index.php?rest_route=%2Fwp%2Fv2%2Fcomments&post=288223"}],"version-history":[{"count":5,"href":"https:\/\/archive.sana.sy\/tr\/index.php?rest_route=\/wp\/v2\/posts\/288223\/revisions"}],"predecessor-version":[{"id":324075,"href":"https:\/\/archive.sana.sy\/tr\/index.php?rest_route=\/wp\/v2\/posts\/288223\/revisions\/324075"}],"wp:featuredmedia":[{"embeddable":true,"href":"https:\/\/archive.sana.sy\/tr\/index.php?rest_route=\/wp\/v2\/media\/308528"}],"wp:attachment":[{"href":"https:\/\/archive.sana.sy\/tr\/index.php?rest_route=%2Fwp%2Fv2%2Fmedia&parent=288223"}],"wp:term":[{"taxonomy":"category","embeddable":true,"href":"https:\/\/archive.sana.sy\/tr\/index.php?rest_route=%2Fwp%2Fv2%2Fcategories&post=288223"},{"taxonomy":"post_tag","embeddable":true,"href":"https:\/\/archive.sana.sy\/tr\/index.php?rest_route=%2Fwp%2Fv2%2Ftags&post=288223"}],"curies":[{"name":"wp","href":"https:\/\/api.w.org\/{rel}","templated":true}]}}