{"id":288240,"date":"2023-09-18T10:18:31","date_gmt":"2023-09-18T07:18:31","guid":{"rendered":"https:\/\/sana.sy\/tr\/?p=288240"},"modified":"2023-09-22T08:39:23","modified_gmt":"2023-09-22T05:39:23","slug":"ikili-isbirligini-gelistirmek-icin-suriye-kuba-gorusmeleri","status":"publish","type":"post","link":"https:\/\/archive.sana.sy\/tr\/?p=288240","title":{"rendered":"\u0130kili \u0130\u015fbirli\u011fini Geli\u015ftirmek \u0130\u00e7in Suriye-K\u00fcba G\u00f6r\u00fc\u015fmeleri"},"content":{"rendered":"<p style=\"text-align: justify;\"><strong>HAVANA 18 Eyl\u00fcl (SANA)<\/strong> \u2013 Maliye Bakan\u0131 Dr. Kenan Ya\u011fi, K\u00fcba Y\u00fcksek \u00d6\u011frenim Bakan\u0131 Walter Paloja Garcia ile Suriye ile K\u00fcba aras\u0131nda y\u00fcksek \u00f6\u011frenim ba\u015fta olmak \u00fczere \u00e7e\u015fitli alanlarda i\u015fbirli\u011finin art\u0131r\u0131lmas\u0131 olanaklar\u0131n\u0131 g\u00f6r\u00fc\u015ft\u00fc.<\/p>\n<p style=\"text-align: justify;\">Toplant\u0131da Yaghi, Suriye h\u00fck\u00fcmetinin iki \u00fclke aras\u0131ndaki ikili ili\u015fkileri ba\u015fta bilim, \u00fcniversiteler, bilimsel ara\u015ft\u0131rma enstit\u00fcleri ve \u00fcniversite d\u00fczeyinde kar\u015f\u0131l\u0131kl\u0131 burslar olmak \u00fczere t\u00fcm alanlarda g\u00fc\u00e7lendirme ve geli\u015ftirme arzusunu dile getirdi.<\/p>\n<p style=\"text-align: justify;\"><img loading=\"lazy\" decoding=\"async\" class=\"size-full wp-image-288242 alignright\" src=\"http:\/\/sana.sy\/tr\/wp-content\/uploads\/2023\/09\/photo_2023-09-18_08-47-18-300x177-1.jpg\" alt=\"\" width=\"300\" height=\"177\" \/>Kendi y\u00f6n\u00fcnden Garcia ise, zirveye kat\u0131lan Suriye heyetini memnuniyetle kar\u015f\u0131layarak, iyi bir konaklama diledi ve Suriye&#8217;ye ge\u00e7mi\u015f y\u0131llarda ya\u015fad\u0131\u011f\u0131 zor d\u00f6nemden sonra refah ve iyile\u015fme dileyerek, bu toplant\u0131n\u0131n iki dost \u00fclke aras\u0131ndaki ikili ili\u015fkilerin geli\u015ftirilmesini tart\u0131\u015fmak i\u00e7in \u00e7ok \u00f6nemli bir f\u0131rsat te\u015fkil etti\u011fine dikkat \u00e7ekti.<\/p>\n<p style=\"text-align: justify;\">\u0130ki taraf, tart\u0131\u015f\u0131lan konular\u0131 takip etme ve her iki taraf\u0131n ikili ili\u015fkileri g\u00fc\u00e7lendirme arzusunu somutla\u015ft\u0131ran yeni anla\u015fmalar yapmay\u0131 de\u011ferlendirme konusunda mutabakata vard\u0131.<\/p>\n<p style=\"text-align: justify;\">Toplant\u0131ya Planlama ve Uluslararas\u0131 \u0130\u015fbirli\u011fi Otoritesi Ba\u015fkan\u0131 Dr. Fadi Salti El Halil ve Suriye&#8217;nin Havana B\u00fcy\u00fckel\u00e7isi Dr. \u011eassan Obaid kat\u0131ld\u0131.<\/p>\n<p><a href=\"https:\/\/t.me\/SuriyeArapHaberAjansI\">Telegram Kanal\u0131m\u0131z\u00a0<\/a><\/p>\n<p><a href=\"https:\/\/www.facebook.com\/SANAHaberAjansi\/\">Facebook Sayfam\u0131z<\/a><\/p>\n<p><a href=\"https:\/\/twitter.com\/arap_ajans\">Twitter Hesab\u0131m\u0131z<\/a><\/p>\n<p>\u200b<\/p>\n","protected":false},"excerpt":{"rendered":"<p>HAVANA 18 Eyl\u00fcl (SANA) \u2013 Maliye Bakan\u0131 Dr. Kenan Ya\u011fi, K\u00fcba Y\u00fcksek \u00d6\u011frenim Bakan\u0131 Walter Paloja Garcia ile Suriye ile K\u00fcba aras\u0131nda y\u00fcksek \u00f6\u011frenim ba\u015fta olmak \u00fczere \u00e7e\u015fitli alanlarda i\u015fbirli\u011finin art\u0131r\u0131lmas\u0131 olanaklar\u0131n\u0131 g\u00f6r\u00fc\u015ft\u00fc. Toplant\u0131da Yaghi, Suriye h\u00fck\u00fcmetinin iki \u00fclke aras\u0131ndaki ikili ili\u015fkileri ba\u015fta bilim, \u00fcniversiteler, bilimsel ara\u015ft\u0131rma enstit\u00fcleri ve \u00fcniversite d\u00fczeyinde kar\u015f\u0131l\u0131kl\u0131 burslar olmak \u00fczere &hellip;<\/p>\n","protected":false},"author":39,"featured_media":288241,"comment_status":"closed","ping_status":"closed","sticky":false,"template":"","format":"standard","meta":{"footnotes":""},"categories":[458,459,17988],"tags":[],"class_list":["post-288240","post","type-post","status-publish","format-standard","has-post-thumbnail","","category-dunya1","category-haberler-arap-uluslararasi-politika","category-son-haberler"],"_links":{"self":[{"href":"https:\/\/archive.sana.sy\/tr\/index.php?rest_route=\/wp\/v2\/posts\/288240","targetHints":{"allow":["GET"]}}],"collection":[{"href":"https:\/\/archive.sana.sy\/tr\/index.php?rest_route=\/wp\/v2\/posts"}],"about":[{"href":"https:\/\/archive.sana.sy\/tr\/index.php?rest_route=\/wp\/v2\/types\/post"}],"author":[{"embeddable":true,"href":"https:\/\/archive.sana.sy\/tr\/index.php?rest_route=\/wp\/v2\/users\/39"}],"replies":[{"embeddable":true,"href":"https:\/\/archive.sana.sy\/tr\/index.php?rest_route=%2Fwp%2Fv2%2Fcomments&post=288240"}],"version-history":[{"count":1,"href":"https:\/\/archive.sana.sy\/tr\/index.php?rest_route=\/wp\/v2\/posts\/288240\/revisions"}],"predecessor-version":[{"id":288243,"href":"https:\/\/archive.sana.sy\/tr\/index.php?rest_route=\/wp\/v2\/posts\/288240\/revisions\/288243"}],"wp:featuredmedia":[{"embeddable":true,"href":"https:\/\/archive.sana.sy\/tr\/index.php?rest_route=\/wp\/v2\/media\/288241"}],"wp:attachment":[{"href":"https:\/\/archive.sana.sy\/tr\/index.php?rest_route=%2Fwp%2Fv2%2Fmedia&parent=288240"}],"wp:term":[{"taxonomy":"category","embeddable":true,"href":"https:\/\/archive.sana.sy\/tr\/index.php?rest_route=%2Fwp%2Fv2%2Fcategories&post=288240"},{"taxonomy":"post_tag","embeddable":true,"href":"https:\/\/archive.sana.sy\/tr\/index.php?rest_route=%2Fwp%2Fv2%2Ftags&post=288240"}],"curies":[{"name":"wp","href":"https:\/\/api.w.org\/{rel}","templated":true}]}}