{"id":288250,"date":"2023-09-18T13:12:01","date_gmt":"2023-09-18T10:12:01","guid":{"rendered":"https:\/\/sana.sy\/tr\/?p=288250"},"modified":"2023-09-22T08:39:30","modified_gmt":"2023-09-22T05:39:30","slug":"libya-kizilayi-su-ana-kadar-sel-kurbanlarinin-sayisi-dogrulanmadi","status":"publish","type":"post","link":"https:\/\/archive.sana.sy\/tr\/?p=288250","title":{"rendered":"Libya K\u0131z\u0131lay\u0131: \u015eu Ana Kadar Sel Kurbanlar\u0131n\u0131n Say\u0131s\u0131 Do\u011frulanmad\u0131"},"content":{"rendered":"<p style=\"text-align: justify;\"><strong>TRABLUS<\/strong> <strong>18 Eyl\u00fcl (SANA) \u2013 <\/strong>Libya K\u0131z\u0131lay Derne\u011fi Ba\u015fkan\u0131 Abdulselam \u011eays El Hac, kurtarma ve arama ekiplerinin Derna&#8217;da hayatta kalanlar\u0131 bulmak i\u00e7in \u00e7al\u0131\u015fmalar\u0131n\u0131 s\u00fcrd\u00fcrd\u00fc\u011f\u00fcn\u00fc a\u00e7\u0131klayarak, \u00f6l\u00fc say\u0131s\u0131n\u0131n do\u011frulanmad\u0131\u011f\u0131n\u0131 kaydetti.<\/p>\n<p style=\"text-align: justify;\">Sputnik&#8217;e g\u00f6re El Hac, \u201c\u015eu ana kadar kurbanlar\u0131n say\u0131s\u0131 do\u011frulanmad\u0131 ve K\u0131z\u0131lay g\u00f6n\u00fcll\u00fcleri bug\u00fcn iki k\u0131z\u0131 enkaz alt\u0131ndan kurtarmay\u0131 ba\u015fard\u0131\u011f\u0131 i\u00e7in ya\u015fayan insanlar\u0131 arama \u00e7al\u0131\u015fmalar\u0131 hala devam ediyor&#8221; dedi.<\/p>\n<p style=\"text-align: justify;\">BM&#8217;nin, kurban say\u0131s\u0131n\u0131n 11 bin \u00f6l\u00fc ve 10 bin kay\u0131p say\u0131s\u0131n\u0131 a\u015ft\u0131\u011f\u0131 y\u00f6n\u00fcndeki raporu hakk\u0131nda yorum yapan El Hac, &#8220;Birle\u015fmi\u015f Milletler&#8217;in bu yanl\u0131\u015f bilgiyi nereden ald\u0131\u011f\u0131n\u0131 bilmiyorum, \u00e7\u00fcnk\u00fc bunu kimseye a\u00e7\u0131klamad\u0131\u011fk ve bu rakamlar hakk\u0131nda bilgimiz yoktur&#8221; a\u00e7\u0131klamada bulundu. .<\/p>\n<p style=\"text-align: justify;\">BM yard\u0131m ekipleriyle nas\u0131l koordinasyon sa\u011flanaca\u011f\u0131 soruldu\u011funda El Hac, \u201c\u0130ki g\u00fcn \u00f6nce gelen UNICEF d\u0131\u015f\u0131nda orada herhangi bir Birle\u015fmi\u015f Milletler kurulu\u015funun varl\u0131\u011f\u0131ndan haberdar de\u011filim ve uluslararas\u0131 ve yerel kurulu\u015flarla da i\u015fbirli\u011fi var&#8221; ifadelerini kuuand\u0131.<\/p>\n<p><a href=\"https:\/\/t.me\/SuriyeArapHaberAjansI\">Telegram Kanal\u0131m\u0131z\u00a0<\/a><\/p>\n<p><a href=\"https:\/\/www.facebook.com\/SANAHaberAjansi\/\">Facebook Sayfam\u0131z<\/a><\/p>\n<p><a href=\"https:\/\/twitter.com\/arap_ajans\">Twitter Hesab\u0131m\u0131z<\/a><\/p>\n","protected":false},"excerpt":{"rendered":"<p>TRABLUS 18 Eyl\u00fcl (SANA) \u2013 Libya K\u0131z\u0131lay Derne\u011fi Ba\u015fkan\u0131 Abdulselam \u011eays El Hac, kurtarma ve arama ekiplerinin Derna&#8217;da hayatta kalanlar\u0131 bulmak i\u00e7in \u00e7al\u0131\u015fmalar\u0131n\u0131 s\u00fcrd\u00fcrd\u00fc\u011f\u00fcn\u00fc a\u00e7\u0131klayarak, \u00f6l\u00fc say\u0131s\u0131n\u0131n do\u011frulanmad\u0131\u011f\u0131n\u0131 kaydetti. Sputnik&#8217;e g\u00f6re El Hac, \u201c\u015eu ana kadar kurbanlar\u0131n say\u0131s\u0131 do\u011frulanmad\u0131 ve K\u0131z\u0131lay g\u00f6n\u00fcll\u00fcleri bug\u00fcn iki k\u0131z\u0131 enkaz alt\u0131ndan kurtarmay\u0131 ba\u015fard\u0131\u011f\u0131 i\u00e7in ya\u015fayan insanlar\u0131 arama \u00e7al\u0131\u015fmalar\u0131 hala &hellip;<\/p>\n","protected":false},"author":39,"featured_media":288251,"comment_status":"closed","ping_status":"closed","sticky":false,"template":"","format":"standard","meta":{"footnotes":""},"categories":[458,459,17988],"tags":[39780,39779],"class_list":["post-288250","post","type-post","status-publish","format-standard","has-post-thumbnail","","category-dunya1","category-haberler-arap-uluslararasi-politika","category-son-haberler","tag-derne-libya-kizilayi-sputnik","tag-libya-sel-kurbanlar-libya-kizilay-derne"],"_links":{"self":[{"href":"https:\/\/archive.sana.sy\/tr\/index.php?rest_route=\/wp\/v2\/posts\/288250","targetHints":{"allow":["GET"]}}],"collection":[{"href":"https:\/\/archive.sana.sy\/tr\/index.php?rest_route=\/wp\/v2\/posts"}],"about":[{"href":"https:\/\/archive.sana.sy\/tr\/index.php?rest_route=\/wp\/v2\/types\/post"}],"author":[{"embeddable":true,"href":"https:\/\/archive.sana.sy\/tr\/index.php?rest_route=\/wp\/v2\/users\/39"}],"replies":[{"embeddable":true,"href":"https:\/\/archive.sana.sy\/tr\/index.php?rest_route=%2Fwp%2Fv2%2Fcomments&post=288250"}],"version-history":[{"count":2,"href":"https:\/\/archive.sana.sy\/tr\/index.php?rest_route=\/wp\/v2\/posts\/288250\/revisions"}],"predecessor-version":[{"id":288253,"href":"https:\/\/archive.sana.sy\/tr\/index.php?rest_route=\/wp\/v2\/posts\/288250\/revisions\/288253"}],"wp:featuredmedia":[{"embeddable":true,"href":"https:\/\/archive.sana.sy\/tr\/index.php?rest_route=\/wp\/v2\/media\/288251"}],"wp:attachment":[{"href":"https:\/\/archive.sana.sy\/tr\/index.php?rest_route=%2Fwp%2Fv2%2Fmedia&parent=288250"}],"wp:term":[{"taxonomy":"category","embeddable":true,"href":"https:\/\/archive.sana.sy\/tr\/index.php?rest_route=%2Fwp%2Fv2%2Fcategories&post=288250"},{"taxonomy":"post_tag","embeddable":true,"href":"https:\/\/archive.sana.sy\/tr\/index.php?rest_route=%2Fwp%2Fv2%2Ftags&post=288250"}],"curies":[{"name":"wp","href":"https:\/\/api.w.org\/{rel}","templated":true}]}}