{"id":288254,"date":"2023-09-18T13:59:18","date_gmt":"2023-09-18T10:59:18","guid":{"rendered":"https:\/\/sana.sy\/tr\/?p=288254"},"modified":"2023-09-22T08:39:37","modified_gmt":"2023-09-22T05:39:37","slug":"kanaani-abd-guclerinin-suriyedeki-varligi-isgal-ve-yasa-disi-bir-tedbirdir","status":"publish","type":"post","link":"https:\/\/archive.sana.sy\/tr\/?p=288254","title":{"rendered":"Kenaani: ABD G\u00fc\u00e7lerinin Suriye&#8217;deki Varl\u0131\u011f\u0131 \u0130\u015fgal Ve Yasa D\u0131\u015f\u0131 Bir Tedbirdir"},"content":{"rendered":"<p style=\"text-align: justify;\"><strong>TAHRAN 18 Ey<\/strong><strong>l\u00fcl (SANA) \u2013 <\/strong>\u0130ran D\u0131\u015fi\u015fleri Bakanl\u0131\u011f\u0131 s\u00f6zc\u00fcs\u00fc Nas\u0131r Kenaani, Amerikan kuvvetlerinin Suriye&#8217;deki varl\u0131\u011f\u0131n\u0131n bir i\u015fgal oldu\u011funu ve yasa d\u0131\u015f\u0131 bir tedbir te\u015fkil etti\u011fini yineledi.<\/p>\n<p style=\"text-align: justify;\">Kenaani bug\u00fcn haftal\u0131k bas\u0131n toplant\u0131s\u0131nda, &#8220;Suriye&#8217;de h\u00fck\u00fcmetinin ve halk\u0131n\u0131n g\u00f6r\u00fc\u015f\u00fc d\u0131\u015f\u0131nda hi\u00e7bir ad\u0131m at\u0131lamaz&#8221; diyerek, Amerika&#8217;n\u0131n, Suriye h\u00fck\u00fcmetinin topraklar\u0131ndan \u00e7ekilme ve zenginliklerini ya\u011fmalamay\u0131 b\u0131rakma talebine yan\u0131t vermesi gerekti\u011fini vurgulad\u0131.<\/p>\n<p><a href=\"https:\/\/t.me\/SuriyeArapHaberAjansI\">Telegram Kanal\u0131m\u0131z\u00a0<\/a><\/p>\n<p><a href=\"https:\/\/www.facebook.com\/SANAHaberAjansi\/\">Facebook Sayfam\u0131z<\/a><\/p>\n<p><a href=\"https:\/\/twitter.com\/arap_ajans\">Twitter Hesab\u0131m\u0131z<\/a><\/p>\n","protected":false},"excerpt":{"rendered":"<p>TAHRAN 18 Eyl\u00fcl (SANA) \u2013 \u0130ran D\u0131\u015fi\u015fleri Bakanl\u0131\u011f\u0131 s\u00f6zc\u00fcs\u00fc Nas\u0131r Kenaani, Amerikan kuvvetlerinin Suriye&#8217;deki varl\u0131\u011f\u0131n\u0131n bir i\u015fgal oldu\u011funu ve yasa d\u0131\u015f\u0131 bir tedbir te\u015fkil etti\u011fini yineledi. Kenaani bug\u00fcn haftal\u0131k bas\u0131n toplant\u0131s\u0131nda, &#8220;Suriye&#8217;de h\u00fck\u00fcmetinin ve halk\u0131n\u0131n g\u00f6r\u00fc\u015f\u00fc d\u0131\u015f\u0131nda hi\u00e7bir ad\u0131m at\u0131lamaz&#8221; diyerek, Amerika&#8217;n\u0131n, Suriye h\u00fck\u00fcmetinin topraklar\u0131ndan \u00e7ekilme ve zenginliklerini ya\u011fmalamay\u0131 b\u0131rakma talebine yan\u0131t vermesi gerekti\u011fini vurgulad\u0131. &hellip;<\/p>\n","protected":false},"author":39,"featured_media":288255,"comment_status":"closed","ping_status":"closed","sticky":false,"template":"","format":"standard","meta":{"footnotes":""},"categories":[458,459,17988],"tags":[],"class_list":["post-288254","post","type-post","status-publish","format-standard","has-post-thumbnail","","category-dunya1","category-haberler-arap-uluslararasi-politika","category-son-haberler"],"_links":{"self":[{"href":"https:\/\/archive.sana.sy\/tr\/index.php?rest_route=\/wp\/v2\/posts\/288254","targetHints":{"allow":["GET"]}}],"collection":[{"href":"https:\/\/archive.sana.sy\/tr\/index.php?rest_route=\/wp\/v2\/posts"}],"about":[{"href":"https:\/\/archive.sana.sy\/tr\/index.php?rest_route=\/wp\/v2\/types\/post"}],"author":[{"embeddable":true,"href":"https:\/\/archive.sana.sy\/tr\/index.php?rest_route=\/wp\/v2\/users\/39"}],"replies":[{"embeddable":true,"href":"https:\/\/archive.sana.sy\/tr\/index.php?rest_route=%2Fwp%2Fv2%2Fcomments&post=288254"}],"version-history":[{"count":3,"href":"https:\/\/archive.sana.sy\/tr\/index.php?rest_route=\/wp\/v2\/posts\/288254\/revisions"}],"predecessor-version":[{"id":288292,"href":"https:\/\/archive.sana.sy\/tr\/index.php?rest_route=\/wp\/v2\/posts\/288254\/revisions\/288292"}],"wp:featuredmedia":[{"embeddable":true,"href":"https:\/\/archive.sana.sy\/tr\/index.php?rest_route=\/wp\/v2\/media\/288255"}],"wp:attachment":[{"href":"https:\/\/archive.sana.sy\/tr\/index.php?rest_route=%2Fwp%2Fv2%2Fmedia&parent=288254"}],"wp:term":[{"taxonomy":"category","embeddable":true,"href":"https:\/\/archive.sana.sy\/tr\/index.php?rest_route=%2Fwp%2Fv2%2Fcategories&post=288254"},{"taxonomy":"post_tag","embeddable":true,"href":"https:\/\/archive.sana.sy\/tr\/index.php?rest_route=%2Fwp%2Fv2%2Ftags&post=288254"}],"curies":[{"name":"wp","href":"https:\/\/api.w.org\/{rel}","templated":true}]}}