{"id":288268,"date":"2023-09-18T13:00:08","date_gmt":"2023-09-18T10:00:08","guid":{"rendered":"https:\/\/sana.sy\/tr\/?p=288268"},"modified":"2023-09-22T08:39:25","modified_gmt":"2023-09-22T05:39:25","slug":"suriyeli-sporcular-cindeki-19-asya-oyunlarina-katilacak","status":"publish","type":"post","link":"https:\/\/archive.sana.sy\/tr\/?p=288268","title":{"rendered":"Suriyeli Sporcular \u00c7in&#8217;deki 19. Asya Oyunlar\u0131&#8217;na Kat\u0131lacak"},"content":{"rendered":"<p style=\"text-align: justify;\"><strong>\u015eAM 18 EYL\u00dcL (SANA)<\/strong> &#8211; \u00c7in&#8217;in Hangzhou kentinde d\u00fczenlenen ve m\u00fcsabakalar\u0131 bu ay\u0131n 20&#8217;sinde binicilik, halter, boks, g\u00fcre\u015f ve atletizm olmak \u00fczere be\u015f oyunla ba\u015flayacak olan 19. Asya Oyunlar\u0131&#8217;na Suriye sporlar\u0131 kat\u0131l\u0131yor.<\/p>\n<p style=\"text-align: justify;\">Heyet Genel M\u00fcd\u00fcr\u00fc Muhammad El Hayek ve Olimpiyat Komitesi temsilcisi Ba\u015fir Abbud&#8217;un kat\u0131ld\u0131\u011f\u0131 oturumun teknik ve idari toplant\u0131s\u0131nda, K\u0131rk spor dal\u0131nda yar\u0131\u015fan 12 bin 500 kad\u0131n ve erkek sporcu aras\u0131nda kat\u0131l\u0131mc\u0131 Suriyeli sporcular\u0131n isimleri kaydedildi.<\/p>\n<p style=\"text-align: justify;\">Bu, Suriye&#8217;nin, sonuncusu 2018&#8217;de Endonezya&#8217;da d\u00fczenlenen on sekizinci Asya Oyunlar\u0131 olan Asya Oyunlar\u0131&#8217;na on birinci kat\u0131l\u0131m\u0131 olacak.<\/p>\n<p><a href=\"https:\/\/t.me\/SuriyeArapHaberAjansI\">Telegram Kanal\u0131m\u0131z\u00a0<\/a><\/p>\n<p><a href=\"https:\/\/www.facebook.com\/SANAHaberAjansi\/\">Facebook Sayfam\u0131z<\/a><\/p>\n<p><a href=\"https:\/\/twitter.com\/arap_ajans\">Twitter Hesab\u0131m\u0131z<\/a><\/p>\n","protected":false},"excerpt":{"rendered":"<p>\u015eAM 18 EYL\u00dcL (SANA) &#8211; \u00c7in&#8217;in Hangzhou kentinde d\u00fczenlenen ve m\u00fcsabakalar\u0131 bu ay\u0131n 20&#8217;sinde binicilik, halter, boks, g\u00fcre\u015f ve atletizm olmak \u00fczere be\u015f oyunla ba\u015flayacak olan 19. Asya Oyunlar\u0131&#8217;na Suriye sporlar\u0131 kat\u0131l\u0131yor. Heyet Genel M\u00fcd\u00fcr\u00fc Muhammad El Hayek ve Olimpiyat Komitesi temsilcisi Ba\u015fir Abbud&#8217;un kat\u0131ld\u0131\u011f\u0131 oturumun teknik ve idari toplant\u0131s\u0131nda, K\u0131rk spor dal\u0131nda yar\u0131\u015fan 12 &hellip;<\/p>\n","protected":false},"author":41,"featured_media":288269,"comment_status":"closed","ping_status":"closed","sticky":false,"template":"","format":"standard","meta":{"footnotes":""},"categories":[498,17988,496],"tags":[],"class_list":["post-288268","post","type-post","status-publish","format-standard","has-post-thumbnail","","category-dunya-turnuvalari","category-son-haberler","category-spor"],"_links":{"self":[{"href":"https:\/\/archive.sana.sy\/tr\/index.php?rest_route=\/wp\/v2\/posts\/288268","targetHints":{"allow":["GET"]}}],"collection":[{"href":"https:\/\/archive.sana.sy\/tr\/index.php?rest_route=\/wp\/v2\/posts"}],"about":[{"href":"https:\/\/archive.sana.sy\/tr\/index.php?rest_route=\/wp\/v2\/types\/post"}],"author":[{"embeddable":true,"href":"https:\/\/archive.sana.sy\/tr\/index.php?rest_route=\/wp\/v2\/users\/41"}],"replies":[{"embeddable":true,"href":"https:\/\/archive.sana.sy\/tr\/index.php?rest_route=%2Fwp%2Fv2%2Fcomments&post=288268"}],"version-history":[{"count":1,"href":"https:\/\/archive.sana.sy\/tr\/index.php?rest_route=\/wp\/v2\/posts\/288268\/revisions"}],"predecessor-version":[{"id":288270,"href":"https:\/\/archive.sana.sy\/tr\/index.php?rest_route=\/wp\/v2\/posts\/288268\/revisions\/288270"}],"wp:featuredmedia":[{"embeddable":true,"href":"https:\/\/archive.sana.sy\/tr\/index.php?rest_route=\/wp\/v2\/media\/288269"}],"wp:attachment":[{"href":"https:\/\/archive.sana.sy\/tr\/index.php?rest_route=%2Fwp%2Fv2%2Fmedia&parent=288268"}],"wp:term":[{"taxonomy":"category","embeddable":true,"href":"https:\/\/archive.sana.sy\/tr\/index.php?rest_route=%2Fwp%2Fv2%2Fcategories&post=288268"},{"taxonomy":"post_tag","embeddable":true,"href":"https:\/\/archive.sana.sy\/tr\/index.php?rest_route=%2Fwp%2Fv2%2Ftags&post=288268"}],"curies":[{"name":"wp","href":"https:\/\/api.w.org\/{rel}","templated":true}]}}