{"id":288365,"date":"2023-09-21T08:03:46","date_gmt":"2023-09-21T05:03:46","guid":{"rendered":"https:\/\/sana.sy\/tr\/?p=288365"},"modified":"2023-09-22T08:41:42","modified_gmt":"2023-09-22T05:41:42","slug":"288365","status":"publish","type":"post","link":"https:\/\/archive.sana.sy\/tr\/?p=288365","title":{"rendered":"B\u00fcy\u00fckel\u00e7i Sabba\u011f, L\u00fcbnan D\u0131\u015fi\u015fleri Bakan\u0131 \u0130le \u0130ki \u00dclke Aras\u0131ndaki \u0130sti\u015fare Ve Koordinasyonun G\u00fc\u00e7lendirilmesi Konusunu G\u00f6r\u00fc\u015ft\u00fc"},"content":{"rendered":"<p style=\"text-align: justify;\"><strong>NEW YORK 21 Eyl\u00fcl (SANA) \u2013 <\/strong>Birle\u015fmi\u015f Milletler Genel Kurulunun 78. oturumuna kat\u0131lan Suriye Arap Cumhuriyeti heyetinin ba\u015fkan\u0131 B\u00fcy\u00fckel\u00e7i Bessam Sabba\u011f, L\u00fcbnan D\u0131\u015fi\u015fleri ve G\u00f6\u00e7menler Bakan\u0131 Abdullah Buhabib ile iki karde\u015f \u00fclke aras\u0131nda ortak \u00e7\u0131karlar\u0131 ilgilendiren \u00e7e\u015fitli konularda isti\u015fare ve koordinasyonun g\u00fc\u00e7lendirilmesi konusunu g\u00f6r\u00fc\u015ft\u00fc.<\/p>\n<p style=\"text-align: justify;\">Birle\u015fmi\u015f Milletler Genel Kurulu oturum aralar\u0131nda New York&#8217;ta ger\u00e7ekle\u015ftirilen toplant\u0131da, Suriyeli m\u00fcltecilerin geri d\u00f6n\u00fc\u015f\u00fc ve geri d\u00f6n\u00fc\u015flerine engel olan her \u015feyin sona erdirilmesi konusu da ele al\u0131narak, B\u00fcy\u00fckel\u00e7i Sabba\u011f, Suriye&#8217;nin t\u00fcm m\u00fcltecilerin anavatanlar\u0131na d\u00f6n\u00fc\u015f\u00fcn\u00fc memnuniyetle kar\u015f\u0131lad\u0131\u011f\u0131n\u0131 ve d\u00f6n\u00fc\u015flerini kolayla\u015ft\u0131rmak i\u00e7in elinden gelen her \u015feyi sa\u011flamaya istekli oldu\u011funu yineledi.<\/p>\n<p style=\"text-align: justify;\">Sabba\u011f, baz\u0131 Bat\u0131l\u0131 \u00fclkelerin m\u00fcltecilerin geri d\u00f6n\u00fc\u015f \u00e7abalar\u0131n\u0131 engellemeye \u00e7al\u0131\u015ft\u0131klar\u0131n\u0131, ayr\u0131ca Suriye&#8217;ye y\u00f6nelik yasa d\u0131\u015f\u0131 tek tarafl\u0131 zorlay\u0131c\u0131 Yapt\u0131r\u0131mlar\u0131 uygulamaya devam ederek Suriyelilerin ac\u0131lar\u0131n\u0131 art\u0131rd\u0131\u011f\u0131n\u0131 vurgulad\u0131.<\/p>\n<p style=\"text-align: justify;\"><a href=\"https:\/\/t.me\/SuriyeArapHaberAjansI\">Telegram Kanal\u0131m\u0131z\u00a0<\/a><\/p>\n<p style=\"text-align: justify;\"><a href=\"https:\/\/www.facebook.com\/SANAHaberAjansi\/\">Facebook Sayfam\u0131z<\/a><\/p>\n<p style=\"text-align: justify;\"><a href=\"https:\/\/twitter.com\/arap_ajans\">Twitter Hesab\u0131m\u0131z<\/a><\/p>\n","protected":false},"excerpt":{"rendered":"<p>NEW YORK 21 Eyl\u00fcl (SANA) \u2013 Birle\u015fmi\u015f Milletler Genel Kurulunun 78. oturumuna kat\u0131lan Suriye Arap Cumhuriyeti heyetinin ba\u015fkan\u0131 B\u00fcy\u00fckel\u00e7i Bessam Sabba\u011f, L\u00fcbnan D\u0131\u015fi\u015fleri ve G\u00f6\u00e7menler Bakan\u0131 Abdullah Buhabib ile iki karde\u015f \u00fclke aras\u0131nda ortak \u00e7\u0131karlar\u0131 ilgilendiren \u00e7e\u015fitli konularda isti\u015fare ve koordinasyonun g\u00fc\u00e7lendirilmesi konusunu g\u00f6r\u00fc\u015ft\u00fc. Birle\u015fmi\u015f Milletler Genel Kurulu oturum aralar\u0131nda New York&#8217;ta ger\u00e7ekle\u015ftirilen toplant\u0131da, Suriyeli &hellip;<\/p>\n","protected":false},"author":39,"featured_media":288366,"comment_status":"closed","ping_status":"closed","sticky":false,"template":"","format":"standard","meta":{"footnotes":""},"categories":[458,459,17988],"tags":[],"class_list":["post-288365","post","type-post","status-publish","format-standard","has-post-thumbnail","","category-dunya1","category-haberler-arap-uluslararasi-politika","category-son-haberler"],"_links":{"self":[{"href":"https:\/\/archive.sana.sy\/tr\/index.php?rest_route=\/wp\/v2\/posts\/288365","targetHints":{"allow":["GET"]}}],"collection":[{"href":"https:\/\/archive.sana.sy\/tr\/index.php?rest_route=\/wp\/v2\/posts"}],"about":[{"href":"https:\/\/archive.sana.sy\/tr\/index.php?rest_route=\/wp\/v2\/types\/post"}],"author":[{"embeddable":true,"href":"https:\/\/archive.sana.sy\/tr\/index.php?rest_route=\/wp\/v2\/users\/39"}],"replies":[{"embeddable":true,"href":"https:\/\/archive.sana.sy\/tr\/index.php?rest_route=%2Fwp%2Fv2%2Fcomments&post=288365"}],"version-history":[{"count":3,"href":"https:\/\/archive.sana.sy\/tr\/index.php?rest_route=\/wp\/v2\/posts\/288365\/revisions"}],"predecessor-version":[{"id":288369,"href":"https:\/\/archive.sana.sy\/tr\/index.php?rest_route=\/wp\/v2\/posts\/288365\/revisions\/288369"}],"wp:featuredmedia":[{"embeddable":true,"href":"https:\/\/archive.sana.sy\/tr\/index.php?rest_route=\/wp\/v2\/media\/288366"}],"wp:attachment":[{"href":"https:\/\/archive.sana.sy\/tr\/index.php?rest_route=%2Fwp%2Fv2%2Fmedia&parent=288365"}],"wp:term":[{"taxonomy":"category","embeddable":true,"href":"https:\/\/archive.sana.sy\/tr\/index.php?rest_route=%2Fwp%2Fv2%2Fcategories&post=288365"},{"taxonomy":"post_tag","embeddable":true,"href":"https:\/\/archive.sana.sy\/tr\/index.php?rest_route=%2Fwp%2Fv2%2Ftags&post=288365"}],"curies":[{"name":"wp","href":"https:\/\/api.w.org\/{rel}","templated":true}]}}