{"id":288401,"date":"2023-09-21T11:34:22","date_gmt":"2023-09-21T08:34:22","guid":{"rendered":"https:\/\/sana.sy\/tr\/?p=288401"},"modified":"2023-09-22T08:41:56","modified_gmt":"2023-09-22T05:41:56","slug":"288401","status":"publish","type":"post","link":"https:\/\/archive.sana.sy\/tr\/?p=288401","title":{"rendered":"\u00c7in D\u0131\u015fi\u015fleri Bakanl\u0131\u011f\u0131: Cumhurba\u015fkan\u0131 Esad&#8217;\u0131n Ziyareti Suriye \u0130le \u0130li\u015fkileri Yeni Bir Seviyeye Y\u00fckseltmek \u0130\u00e7in Bir F\u0131rsatt\u0131r"},"content":{"rendered":"<p style=\"text-align: justify;\"><strong>PEK\u0130N 21 EYL\u00dcL (SANA)<\/strong> &#8211; \u00c7in D\u0131\u015fi\u015fleri Bakanl\u0131\u011f\u0131, Cumhurba\u015fkan\u0131 Be\u015f\u015far Esad ve First Lady Esma Esad&#8217;\u0131n \u00c7in&#8217;e ba\u015flatt\u0131\u011f\u0131 ziyaretin, iki \u00fclke aras\u0131ndaki ili\u015fkileri yeni bir seviyeye y\u00fckseltmek i\u00e7in bir f\u0131rsat te\u015fkil etti\u011fini vurgulad\u0131.<\/p>\n<p style=\"text-align: justify;\">Agence France-Presse, \u00c7in D\u0131\u015fi\u015fleri Bakanl\u0131\u011f\u0131 s\u00f6zc\u00fcs\u00fc Mao Ning&#8217;in g\u00fcnl\u00fck bas\u0131n toplant\u0131s\u0131nda,\u00a0 &#8220;Cumhurba\u015fkan\u0131 Be\u015f\u015far Esad&#8217;\u0131n ziyaretinin iki \u00fclke aras\u0131nda kar\u015f\u0131l\u0131kl\u0131 siyasi g\u00fcveni ve \u00e7e\u015fitli alanlardaki i\u015f birli\u011fini derinle\u015ftirece\u011fine ve ikili ili\u015fkileri yeni bir seviyeye ta\u015f\u0131yaca\u011f\u0131na inan\u0131yoruz&#8221; ifadelerini aktard\u0131.<\/p>\n<p style=\"text-align: justify;\">Ning, \u201c\u00c7in ve Suriye derin bir geleneksel dostlu\u011fu s\u00fcrd\u00fcr\u00fcyor ve Suriye, Pekin&#8217;le diplomatik ili\u015fkiler kuran ilk Arap \u00fclkelerinden biriydi. 76 y\u0131l \u00f6nce diplomatik ili\u015fkilerin kurulmas\u0131ndan bu yana iki \u00fclke aras\u0131ndaki ili\u015fkiler her zaman sa\u011fl\u0131kl\u0131 bir \u015fekilde geli\u015fmi\u015ftir&#8221; a\u00e7\u0131klamada bulundu.<\/p>\n<p style=\"text-align: justify;\">\u00c7in D\u0131\u015fi\u015fleri Bakanl\u0131\u011f\u0131 s\u00f6zc\u00fcs\u00fc ayr\u0131ca, \u201cCumhurba\u015fkan Esad, \u00c7in ile Suriye aras\u0131ndaki ili\u015fkilerin geli\u015ftirilmesine de b\u00fcy\u00fck \u00f6nem veriyor. Ba\u015fkan Xi Jinping ve di\u011fer \u00c7inli yetkililer, ikili ili\u015fkiler ve ortak endi\u015fe verici konular hakk\u0131nda derinlemesine g\u00f6r\u00fc\u015f al\u0131\u015fveri\u015finde bulunmak i\u00e7in onunla bir araya gelecek&#8221; ifdadelerini kullanarak s\u00f6zlerini bitirdi.<\/p>\n<p><a href=\"https:\/\/t.me\/SuriyeArapHaberAjansI\">Telegram Kanal\u0131m\u0131z\u00a0<\/a><\/p>\n<p><a href=\"https:\/\/www.facebook.com\/SANAHaberAjansi\/\">Facebook Sayfam\u0131z<\/a><\/p>\n<p><a href=\"https:\/\/twitter.com\/arap_ajans\">Twitter Hesab\u0131m\u0131z<\/a><\/p>\n","protected":false},"excerpt":{"rendered":"<p>PEK\u0130N 21 EYL\u00dcL (SANA) &#8211; \u00c7in D\u0131\u015fi\u015fleri Bakanl\u0131\u011f\u0131, Cumhurba\u015fkan\u0131 Be\u015f\u015far Esad ve First Lady Esma Esad&#8217;\u0131n \u00c7in&#8217;e ba\u015flatt\u0131\u011f\u0131 ziyaretin, iki \u00fclke aras\u0131ndaki ili\u015fkileri yeni bir seviyeye y\u00fckseltmek i\u00e7in bir f\u0131rsat te\u015fkil etti\u011fini vurgulad\u0131. Agence France-Presse, \u00c7in D\u0131\u015fi\u015fleri Bakanl\u0131\u011f\u0131 s\u00f6zc\u00fcs\u00fc Mao Ning&#8217;in g\u00fcnl\u00fck bas\u0131n toplant\u0131s\u0131nda,\u00a0 &#8220;Cumhurba\u015fkan\u0131 Be\u015f\u015far Esad&#8217;\u0131n ziyaretinin iki \u00fclke aras\u0131nda kar\u015f\u0131l\u0131kl\u0131 siyasi g\u00fcveni ve &hellip;<\/p>\n","protected":false},"author":39,"featured_media":288402,"comment_status":"closed","ping_status":"closed","sticky":false,"template":"","format":"standard","meta":{"footnotes":""},"categories":[458,459,17988],"tags":[39816],"class_list":["post-288401","post","type-post","status-publish","format-standard","has-post-thumbnail","","category-dunya1","category-haberler-arap-uluslararasi-politika","category-son-haberler","tag-cin-disisleri-bakanligi-cumhurbaskani-esadin-ziyareti-suriye-ile-iliskileri-yeni-bir-seviyeye-yukseltmek-icin-bir-firsat"],"_links":{"self":[{"href":"https:\/\/archive.sana.sy\/tr\/index.php?rest_route=\/wp\/v2\/posts\/288401","targetHints":{"allow":["GET"]}}],"collection":[{"href":"https:\/\/archive.sana.sy\/tr\/index.php?rest_route=\/wp\/v2\/posts"}],"about":[{"href":"https:\/\/archive.sana.sy\/tr\/index.php?rest_route=\/wp\/v2\/types\/post"}],"author":[{"embeddable":true,"href":"https:\/\/archive.sana.sy\/tr\/index.php?rest_route=\/wp\/v2\/users\/39"}],"replies":[{"embeddable":true,"href":"https:\/\/archive.sana.sy\/tr\/index.php?rest_route=%2Fwp%2Fv2%2Fcomments&post=288401"}],"version-history":[{"count":6,"href":"https:\/\/archive.sana.sy\/tr\/index.php?rest_route=\/wp\/v2\/posts\/288401\/revisions"}],"predecessor-version":[{"id":288409,"href":"https:\/\/archive.sana.sy\/tr\/index.php?rest_route=\/wp\/v2\/posts\/288401\/revisions\/288409"}],"wp:featuredmedia":[{"embeddable":true,"href":"https:\/\/archive.sana.sy\/tr\/index.php?rest_route=\/wp\/v2\/media\/288402"}],"wp:attachment":[{"href":"https:\/\/archive.sana.sy\/tr\/index.php?rest_route=%2Fwp%2Fv2%2Fmedia&parent=288401"}],"wp:term":[{"taxonomy":"category","embeddable":true,"href":"https:\/\/archive.sana.sy\/tr\/index.php?rest_route=%2Fwp%2Fv2%2Fcategories&post=288401"},{"taxonomy":"post_tag","embeddable":true,"href":"https:\/\/archive.sana.sy\/tr\/index.php?rest_route=%2Fwp%2Fv2%2Ftags&post=288401"}],"curies":[{"name":"wp","href":"https:\/\/api.w.org\/{rel}","templated":true}]}}