{"id":288413,"date":"2023-09-21T13:26:33","date_gmt":"2023-09-21T10:26:33","guid":{"rendered":"https:\/\/sana.sy\/tr\/?p=288413"},"modified":"2023-09-21T13:36:39","modified_gmt":"2023-09-21T10:36:39","slug":"cumhurbaskani-bessar-esad-ve-first-lady-esma-esadin-khanjo-uluslararasi-havalimanina-gelisinin-resmi-resepsiyonundan-goruntuler","status":"publish","type":"post","link":"https:\/\/archive.sana.sy\/tr\/?p=288413","title":{"rendered":"Cumhurba\u015fkan\u0131 Be\u015f\u015far Esad Ve First Lady Esma Esad&#8217;\u0131n Khanjo Uluslararas\u0131 Havaliman\u0131&#8217;na Geli\u015finin Resmi Resepsiyonundan G\u00f6r\u00fcnt\u00fcler"},"content":{"rendered":"<p>Cumhurba\u015fkan\u0131 Be\u015f\u015far Esad Ve First Lady Esma Esad&#8217;\u0131n Khanjo Uluslararas\u0131 Havaliman\u0131&#8217;na Geli\u015finin Resmi Resepsiyonundan G\u00f6r\u00fcnt\u00fcler<\/p>\n<p><iframe loading=\"lazy\" title=\"\u0645\u0634\u0627\u0647\u062f \u0627\u0644\u0627\u0633\u062a\u0642\u0628\u0627\u0644 \u0627\u0644\u0631\u0633\u0645\u064a \u0644\u0648\u0635\u0648\u0644 \u0627\u0644\u0631\u0626\u064a\u0633 \u0627\u0644\u0623\u0633\u062f \u0648\u0627\u0644\u0633\u064a\u062f\u0629 \u0627\u0644\u0623\u0648\u0644\u0649 \u0623\u0633\u0645\u0627\u0621 \u0627\u0644\u0623\u0633\u062f \u0625\u0644\u0649 \u0645\u0637\u0627\u0631 \u062e\u0627\u0646\u062c\u0648 \u0627\u0644\u062f\u0648\u0644\u064a\" src=\"https:\/\/www.youtube.com\/embed\/HRgCx-Iuhd0\" width=\"620\" height=\"348\" frameborder=\"0\" allowfullscreen=\"allowfullscreen\"><\/iframe><\/p>\n<p><a href=\"https:\/\/t.me\/SuriyeArapHaberAjansI\">Telegram Kanal\u0131m\u0131z\u00a0<\/a><\/p>\n<p><a href=\"https:\/\/www.facebook.com\/SANAHaberAjansi\/\">Facebook Sayfam\u0131z<\/a><\/p>\n<p><a href=\"https:\/\/twitter.com\/arap_ajans\">Twitter Hesab\u0131m\u0131z<\/a><\/p>\n","protected":false},"excerpt":{"rendered":"<p>Cumhurba\u015fkan\u0131 Be\u015f\u015far Esad Ve First Lady Esma Esad&#8217;\u0131n Khanjo Uluslararas\u0131 Havaliman\u0131&#8217;na Geli\u015finin Resmi Resepsiyonundan G\u00f6r\u00fcnt\u00fcler Telegram Kanal\u0131m\u0131z\u00a0 Facebook Sayfam\u0131z Twitter Hesab\u0131m\u0131z<\/p>\n","protected":false},"author":39,"featured_media":288417,"comment_status":"closed","ping_status":"closed","sticky":false,"template":"","format":"standard","meta":{"footnotes":""},"categories":[18295],"tags":[],"class_list":["post-288413","post","type-post","status-publish","format-standard","has-post-thumbnail","","category-sana-video"],"_links":{"self":[{"href":"https:\/\/archive.sana.sy\/tr\/index.php?rest_route=\/wp\/v2\/posts\/288413","targetHints":{"allow":["GET"]}}],"collection":[{"href":"https:\/\/archive.sana.sy\/tr\/index.php?rest_route=\/wp\/v2\/posts"}],"about":[{"href":"https:\/\/archive.sana.sy\/tr\/index.php?rest_route=\/wp\/v2\/types\/post"}],"author":[{"embeddable":true,"href":"https:\/\/archive.sana.sy\/tr\/index.php?rest_route=\/wp\/v2\/users\/39"}],"replies":[{"embeddable":true,"href":"https:\/\/archive.sana.sy\/tr\/index.php?rest_route=%2Fwp%2Fv2%2Fcomments&post=288413"}],"version-history":[{"count":2,"href":"https:\/\/archive.sana.sy\/tr\/index.php?rest_route=\/wp\/v2\/posts\/288413\/revisions"}],"predecessor-version":[{"id":288416,"href":"https:\/\/archive.sana.sy\/tr\/index.php?rest_route=\/wp\/v2\/posts\/288413\/revisions\/288416"}],"wp:featuredmedia":[{"embeddable":true,"href":"https:\/\/archive.sana.sy\/tr\/index.php?rest_route=\/wp\/v2\/media\/288417"}],"wp:attachment":[{"href":"https:\/\/archive.sana.sy\/tr\/index.php?rest_route=%2Fwp%2Fv2%2Fmedia&parent=288413"}],"wp:term":[{"taxonomy":"category","embeddable":true,"href":"https:\/\/archive.sana.sy\/tr\/index.php?rest_route=%2Fwp%2Fv2%2Fcategories&post=288413"},{"taxonomy":"post_tag","embeddable":true,"href":"https:\/\/archive.sana.sy\/tr\/index.php?rest_route=%2Fwp%2Fv2%2Ftags&post=288413"}],"curies":[{"name":"wp","href":"https:\/\/api.w.org\/{rel}","templated":true}]}}