{"id":288425,"date":"2023-09-21T14:22:22","date_gmt":"2023-09-21T11:22:22","guid":{"rendered":"https:\/\/sana.sy\/tr\/?p=288425"},"modified":"2023-09-24T11:09:23","modified_gmt":"2023-09-24T08:09:23","slug":"rus-kuvvetleri-600-ukraynali-askeri-yok-etti-75-ihayi-imha-etti","status":"publish","type":"post","link":"https:\/\/archive.sana.sy\/tr\/?p=288425","title":{"rendered":"Rus Kuvvetleri 600 Ukraynal\u0131 Askeri Yok Etti, 75 \u0130HA&#8217;y\u0131 \u0130mha Etti\u00a0\u00a0"},"content":{"rendered":"<p style=\"text-align: justify;\"><strong>MOSKOVA <\/strong><strong>21 EYL\u00dcL (SANA)<\/strong> <strong>&#8211; <\/strong>Rusya Savunma Bakanl\u0131\u011f\u0131, d\u00fcn gece, kuvvetlerinin Ukrayna askeri sanayi tesislerini ba\u015far\u0131yla hedef ald\u0131\u011f\u0131n\u0131, 600 Ukraynal\u0131 askerin etkisiz hale getirildi\u011fini ve Kiev kuvvetlerine ait 75 insans\u0131z hava arac\u0131n\u0131n imha edildi\u011fini duyurdu.<img decoding=\"async\" class=\"alignright\" src=\"http:\/\/sana.sy\/wp-content\/uploads\/2023\/09\/51-300x169.jpg\" \/><\/p>\n<p style=\"text-align: justify;\">Bakanl\u0131k, Ukrayna&#8217;daki \u00f6zel askeri operasyona ili\u015fkin g\u00fcnl\u00fck a\u00e7\u0131klamas\u0131nda, \u2018\u2019Rus kuvvetleri, Ukrayna kuvvetlerine ait askeri sanayi tesisleri ve radyo istihbarat merkezlerine y\u00fcksek hassasiyetli uzun menzilli silahlar kullanarak yo\u011fun bir hava sald\u0131r\u0131s\u0131 d\u00fczenledi\u2019\u2019 diyerek, grevin amac\u0131na ula\u015ft\u0131\u011f\u0131n\u0131 belirtti.<\/p>\n<p style=\"text-align: justify;\"><span style=\"color: #0000ff;\"><strong>Zaporozhye ekseninde:<\/strong><\/span> \u00a0Rus kuvvetleri Ukrayna&#8217;n\u0131n iki sald\u0131r\u0131s\u0131n\u0131 p\u00fcsk\u00fcrterek iki ABD yap\u0131m\u0131 M777 topunu, \u00fc\u00e7 D-30 ob\u00fcs\u00fcn\u00fc ve bir ABD yap\u0131m\u0131 M119 silah\u0131n\u0131 imha etti.<\/p>\n<p style=\"text-align: justify;\"><strong><span style=\"color: #0000ff;\">Donetsk ekseninde<\/span>:<\/strong> Ukrayna kuvvetlerinin be\u015f sald\u0131r\u0131s\u0131 p\u00fcsk\u00fcrt\u00fcld\u00fc ve Amerikan yap\u0131m\u0131 bir batarya kar\u015f\u0131t\u0131 radar istasyonu imha edildi.<img decoding=\"async\" class=\"alignright\" src=\"http:\/\/sana.sy\/wp-content\/uploads\/2023\/09\/80-4-300x169.jpg\" \/><\/p>\n<p style=\"text-align: justify;\"><strong><span style=\"color: #0000ff;\">Kubyansk aks\u0131nda<\/span>:<\/strong> Rus kuvvetleri Amerikan yap\u0131m\u0131 Paladin kunda\u011f\u0131 motorlu silah\u0131 imha etti.<\/p>\n<p style=\"text-align: justify;\"><span style=\"color: #0000ff;\"><strong>Krasny Liman aks\u0131nda:<\/strong><\/span> Rus g\u00fc\u00e7leri, Ukrayna g\u00fc\u00e7lerinin 3 sald\u0131r\u0131s\u0131n\u0131 p\u00fcsk\u00fcrtt\u00fc ve 75&#8217;ten fazla askeri \u00f6ld\u00fcrd\u00fc.<\/p>\n<p style=\"text-align: justify;\"><span style=\"color: #0000ff;\"><strong>G\u00fcney Donetsk aks\u0131nda:<\/strong><\/span>\u00a0Rus g\u00fc\u00e7leri 110 Ukraynal\u0131 askeri personeli ortadan kald\u0131rd\u0131.<\/p>\n<p style=\"text-align: justify;\"><span style=\"color: #0000ff;\"><strong>Herson ekseninde:<\/strong><\/span> Rus g\u00fc\u00e7leri, 126&#8217;nc\u0131 B\u00f6lge Savunma Tugay\u0131&#8217;na ba\u011fl\u0131 Ukraynal\u0131 sabotaj ve ke\u015fif grubunu etkisiz hale getirdi.<br \/>\nRus hava savunmas\u0131 ayr\u0131ca , 5 Storm Shadow uzun menzilli kanatl\u0131 f\u00fczeyi, HIMAR roketatarlar\u0131ndan 4 mermiyi ve bir HARM anti-radar f\u00fczesini d\u00fc\u015f\u00fcrd\u00fc ve 75 Ukrayna \u0130HA&#8217;s\u0131 \u00e7e\u015fitli b\u00f6lgelerde imha edildi.<\/p>\n<p><a href=\"https:\/\/t.me\/SuriyeArapHaberAjansI\">Telegram Kanal\u0131m\u0131z\u00a0<\/a><\/p>\n<p><a href=\"https:\/\/www.facebook.com\/SANAHaberAjansi\/\">Facebook Sayfam\u0131z<\/a><\/p>\n<p><a href=\"https:\/\/twitter.com\/arap_ajans\">Twitter Hesab\u0131m\u0131z<\/a><\/p>\n","protected":false},"excerpt":{"rendered":"<p>MOSKOVA 21 EYL\u00dcL (SANA) &#8211; Rusya Savunma Bakanl\u0131\u011f\u0131, d\u00fcn gece, kuvvetlerinin Ukrayna askeri sanayi tesislerini ba\u015far\u0131yla hedef ald\u0131\u011f\u0131n\u0131, 600 Ukraynal\u0131 askerin etkisiz hale getirildi\u011fini ve Kiev kuvvetlerine ait 75 insans\u0131z hava arac\u0131n\u0131n imha edildi\u011fini duyurdu. Bakanl\u0131k, Ukrayna&#8217;daki \u00f6zel askeri operasyona ili\u015fkin g\u00fcnl\u00fck a\u00e7\u0131klamas\u0131nda, \u2018\u2019Rus kuvvetleri, Ukrayna kuvvetlerine ait askeri sanayi tesisleri ve radyo istihbarat merkezlerine &hellip;<\/p>\n","protected":false},"author":41,"featured_media":288426,"comment_status":"closed","ping_status":"closed","sticky":false,"template":"","format":"standard","meta":{"footnotes":""},"categories":[458,459,17988],"tags":[39819,39818],"class_list":["post-288425","post","type-post","status-publish","format-standard","has-post-thumbnail","","category-dunya1","category-haberler-arap-uluslararasi-politika","category-son-haberler","tag-75-ihayi-imha-etti","tag-rus-kuvvetleri-600-ukraynali-askeri-yok-etti"],"_links":{"self":[{"href":"https:\/\/archive.sana.sy\/tr\/index.php?rest_route=\/wp\/v2\/posts\/288425","targetHints":{"allow":["GET"]}}],"collection":[{"href":"https:\/\/archive.sana.sy\/tr\/index.php?rest_route=\/wp\/v2\/posts"}],"about":[{"href":"https:\/\/archive.sana.sy\/tr\/index.php?rest_route=\/wp\/v2\/types\/post"}],"author":[{"embeddable":true,"href":"https:\/\/archive.sana.sy\/tr\/index.php?rest_route=\/wp\/v2\/users\/41"}],"replies":[{"embeddable":true,"href":"https:\/\/archive.sana.sy\/tr\/index.php?rest_route=%2Fwp%2Fv2%2Fcomments&post=288425"}],"version-history":[{"count":2,"href":"https:\/\/archive.sana.sy\/tr\/index.php?rest_route=\/wp\/v2\/posts\/288425\/revisions"}],"predecessor-version":[{"id":288428,"href":"https:\/\/archive.sana.sy\/tr\/index.php?rest_route=\/wp\/v2\/posts\/288425\/revisions\/288428"}],"wp:featuredmedia":[{"embeddable":true,"href":"https:\/\/archive.sana.sy\/tr\/index.php?rest_route=\/wp\/v2\/media\/288426"}],"wp:attachment":[{"href":"https:\/\/archive.sana.sy\/tr\/index.php?rest_route=%2Fwp%2Fv2%2Fmedia&parent=288425"}],"wp:term":[{"taxonomy":"category","embeddable":true,"href":"https:\/\/archive.sana.sy\/tr\/index.php?rest_route=%2Fwp%2Fv2%2Fcategories&post=288425"},{"taxonomy":"post_tag","embeddable":true,"href":"https:\/\/archive.sana.sy\/tr\/index.php?rest_route=%2Fwp%2Fv2%2Ftags&post=288425"}],"curies":[{"name":"wp","href":"https:\/\/api.w.org\/{rel}","templated":true}]}}