{"id":288429,"date":"2023-09-21T19:22:56","date_gmt":"2023-09-21T16:22:56","guid":{"rendered":"https:\/\/sana.sy\/tr\/?p=288429"},"modified":"2023-09-24T11:06:49","modified_gmt":"2023-09-24T08:06:49","slug":"kamisli-ve-kirsalinda-ayrilikci-sdg-milislerine-karsi-populer-protestolar-devam-ediyor","status":"publish","type":"post","link":"https:\/\/archive.sana.sy\/tr\/?p=288429","title":{"rendered":"Kam\u0131\u015fl\u0131 Ve K\u0131rsal\u0131nda Ayr\u0131l\u0131k\u00e7\u0131 &#8221;SDG&#8221; Milislerine Kar\u015f\u0131 Pop\u00fcler Protestolar Devam Ediyor"},"content":{"rendered":"<p style=\"text-align: justify;\"><strong>HASEKE 21 EYL\u00dcL (SANA)<\/strong> &#8211; Ayr\u0131l\u0131k\u00e7\u0131 &#8221;SDG&#8221; milislerine ve onun Kam\u0131\u015fl\u0131 halk\u0131na ve k\u0131rsal\u0131na y\u00f6nelik uygulamalar\u0131na kar\u015f\u0131 pop\u00fcler protestolar \u00fcst \u00fcste d\u00f6rd\u00fcnc\u00fc g\u00fcnde de devam etti.<\/p>\n<p style=\"text-align: justify;\">Kam\u0131\u015fl\u0131 yerel kaynaklar SANA&#8217;ya verdi\u011fi deme\u00e7te, \u2018\u2019Milislerin halka dayatt\u0131\u011f\u0131, k\u0131s\u0131tlamalar\u0131 art\u0131ran ve \u015fehirdeki ticari faaliyetlerini k\u0131s\u0131tlayan \u00f6nlem paketini k\u0131namak amac\u0131yla Kam\u0131\u015fl\u0131 kentinde vatanda\u015flar ve onlarca esnaf belediye kav\u015fa\u011f\u0131nda topland\u0131\u2019\u2019 dedi.<\/p>\n<p style=\"text-align: justify;\">Ayn\u0131 ba\u011flamda,\u00a0 protestolara kat\u0131lan \u00e7ok say\u0131da vatanda\u015f, g\u00f6sterilere \u00e7\u0131kman\u0131n amac\u0131n\u0131n vatanda\u015f\u0131n sesini kamuoyuna duyurmak oldu\u011funu vurgulayarak, bir yandan vatanda\u015flar\u0131n ge\u00e7imini etkileyen, bir yandan da \u00e7ok say\u0131da gencin milislerin kontrol\u00fcndeki b\u00f6lgeleri terk etmesine neden olan milislerin barbarca eylemlerine son verilmesini talep ettiler.<\/p>\n<p style=\"text-align: justify;\">Benzer g\u00f6sterilerin Kam\u0131\u015fl\u0131 k\u0131rsal\u0131ndaki Maabada ve Amuda kasabalar\u0131nda, Malikiye ve Kam\u0131\u015fl\u0131 kentinin \u00e7e\u015fitli mahallelerinde genel grevin yap\u0131ld\u0131\u011f\u0131 dikkat \u00e7ekiliyor.<\/p>\n<p style=\"text-align: justify;\"><a href=\"https:\/\/t.me\/SuriyeArapHaberAjansI\">Telegram Kanal\u0131m\u0131z\u00a0<\/a><\/p>\n<p style=\"text-align: justify;\"><a href=\"https:\/\/www.facebook.com\/SANAHaberAjansi\/\">Facebook Sayfam\u0131z<\/a><\/p>\n<p style=\"text-align: justify;\"><a href=\"https:\/\/twitter.com\/arap_ajans\">Twitter Hesab\u0131m\u0131z<\/a><\/p>\n","protected":false},"excerpt":{"rendered":"<p>HASEKE 21 EYL\u00dcL (SANA) &#8211; Ayr\u0131l\u0131k\u00e7\u0131 &#8221;SDG&#8221; milislerine ve onun Kam\u0131\u015fl\u0131 halk\u0131na ve k\u0131rsal\u0131na y\u00f6nelik uygulamalar\u0131na kar\u015f\u0131 pop\u00fcler protestolar \u00fcst \u00fcste d\u00f6rd\u00fcnc\u00fc g\u00fcnde de devam etti. Kam\u0131\u015fl\u0131 yerel kaynaklar SANA&#8217;ya verdi\u011fi deme\u00e7te, \u2018\u2019Milislerin halka dayatt\u0131\u011f\u0131, k\u0131s\u0131tlamalar\u0131 art\u0131ran ve \u015fehirdeki ticari faaliyetlerini k\u0131s\u0131tlayan \u00f6nlem paketini k\u0131namak amac\u0131yla Kam\u0131\u015fl\u0131 kentinde vatanda\u015flar ve onlarca esnaf belediye kav\u015fa\u011f\u0131nda topland\u0131\u2019\u2019 &hellip;<\/p>\n","protected":false},"author":41,"featured_media":288430,"comment_status":"closed","ping_status":"closed","sticky":false,"template":"","format":"standard","meta":{"footnotes":""},"categories":[479,575,17988,478],"tags":[39825,39824,39822,39823,38641,22182],"class_list":["post-288429","post","type-post","status-publish","format-standard","has-post-thumbnail","","category-haberler-yerel","category-olaylar-ve-gercekler","category-son-haberler","category-yerel","tag-ayrilikci-sdg-milisleri","tag-kamisli-nerede","tag-kamisli-ve-kirsalinda-ayrilikci-sdg-milislerine-karsi-populer-protestolar-devam-ediyor","tag-suriyede-pkk","tag-suriyede-son-gelimeler","tag-suriyede-savas"],"_links":{"self":[{"href":"https:\/\/archive.sana.sy\/tr\/index.php?rest_route=\/wp\/v2\/posts\/288429","targetHints":{"allow":["GET"]}}],"collection":[{"href":"https:\/\/archive.sana.sy\/tr\/index.php?rest_route=\/wp\/v2\/posts"}],"about":[{"href":"https:\/\/archive.sana.sy\/tr\/index.php?rest_route=\/wp\/v2\/types\/post"}],"author":[{"embeddable":true,"href":"https:\/\/archive.sana.sy\/tr\/index.php?rest_route=\/wp\/v2\/users\/41"}],"replies":[{"embeddable":true,"href":"https:\/\/archive.sana.sy\/tr\/index.php?rest_route=%2Fwp%2Fv2%2Fcomments&post=288429"}],"version-history":[{"count":4,"href":"https:\/\/archive.sana.sy\/tr\/index.php?rest_route=\/wp\/v2\/posts\/288429\/revisions"}],"predecessor-version":[{"id":288435,"href":"https:\/\/archive.sana.sy\/tr\/index.php?rest_route=\/wp\/v2\/posts\/288429\/revisions\/288435"}],"wp:featuredmedia":[{"embeddable":true,"href":"https:\/\/archive.sana.sy\/tr\/index.php?rest_route=\/wp\/v2\/media\/288430"}],"wp:attachment":[{"href":"https:\/\/archive.sana.sy\/tr\/index.php?rest_route=%2Fwp%2Fv2%2Fmedia&parent=288429"}],"wp:term":[{"taxonomy":"category","embeddable":true,"href":"https:\/\/archive.sana.sy\/tr\/index.php?rest_route=%2Fwp%2Fv2%2Fcategories&post=288429"},{"taxonomy":"post_tag","embeddable":true,"href":"https:\/\/archive.sana.sy\/tr\/index.php?rest_route=%2Fwp%2Fv2%2Ftags&post=288429"}],"curies":[{"name":"wp","href":"https:\/\/api.w.org\/{rel}","templated":true}]}}