{"id":2885,"date":"2014-06-12T14:33:11","date_gmt":"2014-06-12T11:33:11","guid":{"rendered":"http:\/\/sanasyria.org\/tr\/?p=2885"},"modified":"2014-06-12T14:33:28","modified_gmt":"2014-06-12T11:33:28","slug":"derada-124-kisi-serbest-birakildi","status":"publish","type":"post","link":"https:\/\/archive.sana.sy\/tr\/?p=2885","title":{"rendered":"Dera\u2019da 124 Ki\u015fi Serbest B\u0131rak\u0131ld\u0131"},"content":{"rendered":"<p><span style=\"color: #800000\">DERA \u2013<\/span> Dera Ba\u015fsavc\u0131s\u0131 Saud el Muhammed; 2014\/22 say\u0131l\u0131 genel af yasama karar\u0131 kapsam\u0131nda bug\u00fcn Dera\u2019da 124 ki\u015finin serbest b\u0131rak\u0131ld\u0131klar\u0131n\u0131 s\u00f6yledi.<\/p>\n<p>Muhammed SANA muhabirine yapt\u0131\u011f\u0131 a\u00e7\u0131klamada; s\u00f6z konusu genel af yasama karar\u0131n\u0131n daha \u00f6nceki genel aflardan daha kapsaml\u0131 oldu\u011funu ifade ederken, t\u00fcm mahkumlar\u0131n dosyalar\u0131n\u0131n birer birer incelenmesi i\u00e7in harcanan yo\u011fun \u00e7abalara i\u015faret etti.<\/p>\n","protected":false},"excerpt":{"rendered":"<p>DERA \u2013 Dera Ba\u015fsavc\u0131s\u0131 Saud el Muhammed; 2014\/22 say\u0131l\u0131 genel af yasama karar\u0131 kapsam\u0131nda bug\u00fcn Dera\u2019da 124 ki\u015finin serbest b\u0131rak\u0131ld\u0131klar\u0131n\u0131 s\u00f6yledi. Muhammed SANA muhabirine yapt\u0131\u011f\u0131 a\u00e7\u0131klamada; s\u00f6z konusu genel af yasama karar\u0131n\u0131n daha \u00f6nceki genel aflardan daha kapsaml\u0131 oldu\u011funu ifade ederken, t\u00fcm mahkumlar\u0131n dosyalar\u0131n\u0131n birer birer incelenmesi i\u00e7in harcanan yo\u011fun \u00e7abalara i\u015faret etti.<\/p>\n","protected":false},"author":1,"featured_media":2886,"comment_status":"closed","ping_status":"closed","sticky":false,"template":"","format":"standard","meta":{"footnotes":""},"categories":[479,478],"tags":[643],"class_list":["post-2885","post","type-post","status-publish","format-standard","has-post-thumbnail","","category-haberler-yerel","category-yerel","tag-derada-124-kisi-serbest-birakildi"],"_links":{"self":[{"href":"https:\/\/archive.sana.sy\/tr\/index.php?rest_route=\/wp\/v2\/posts\/2885","targetHints":{"allow":["GET"]}}],"collection":[{"href":"https:\/\/archive.sana.sy\/tr\/index.php?rest_route=\/wp\/v2\/posts"}],"about":[{"href":"https:\/\/archive.sana.sy\/tr\/index.php?rest_route=\/wp\/v2\/types\/post"}],"author":[{"embeddable":true,"href":"https:\/\/archive.sana.sy\/tr\/index.php?rest_route=\/wp\/v2\/users\/1"}],"replies":[{"embeddable":true,"href":"https:\/\/archive.sana.sy\/tr\/index.php?rest_route=%2Fwp%2Fv2%2Fcomments&post=2885"}],"version-history":[{"count":0,"href":"https:\/\/archive.sana.sy\/tr\/index.php?rest_route=\/wp\/v2\/posts\/2885\/revisions"}],"wp:featuredmedia":[{"embeddable":true,"href":"https:\/\/archive.sana.sy\/tr\/index.php?rest_route=\/wp\/v2\/media\/2886"}],"wp:attachment":[{"href":"https:\/\/archive.sana.sy\/tr\/index.php?rest_route=%2Fwp%2Fv2%2Fmedia&parent=2885"}],"wp:term":[{"taxonomy":"category","embeddable":true,"href":"https:\/\/archive.sana.sy\/tr\/index.php?rest_route=%2Fwp%2Fv2%2Fcategories&post=2885"},{"taxonomy":"post_tag","embeddable":true,"href":"https:\/\/archive.sana.sy\/tr\/index.php?rest_route=%2Fwp%2Fv2%2Ftags&post=2885"}],"curies":[{"name":"wp","href":"https:\/\/api.w.org\/{rel}","templated":true}]}}