{"id":28868,"date":"2015-04-07T12:03:50","date_gmt":"2015-04-07T09:03:50","guid":{"rendered":"http:\/\/www.sana.sy\/tr\/?p=28868"},"modified":"2015-04-08T12:22:37","modified_gmt":"2015-04-08T09:22:37","slug":"sam-kirsali-el-keskul-bolgesinde-yakit-istasyonu-teror-saldirisina-maruz-kaldi","status":"publish","type":"post","link":"https:\/\/archive.sana.sy\/tr\/?p=28868","title":{"rendered":"\u015eam K\u0131rsal\u0131 el Ke\u015fk\u00fcl B\u00f6lgesinde Yak\u0131t \u0130stasyonu Ter\u00f6r Sald\u0131r\u0131s\u0131na Maruz Kald\u0131"},"content":{"rendered":"<p>\u015eAM KIRSALI \u2013 Ter\u00f6ristler d\u00fcn gece \u015eam K\u0131rsal\u0131 el Ke\u015fk\u00fcl B\u00f6lgesinde bir yak\u0131t istasyonunu roketli f\u00fcze ile hedef almalar\u0131 sonucunda bir vatanda\u015f\u0131n \u015fehit d\u00fc\u015fmesine baz\u0131lar\u0131n\u0131n da yaralanmas\u0131na yol a\u00e7t\u0131.<\/p>\n<p>\u015eam \u0130l Emniyet M\u00fcd\u00fcrl\u00fc\u011f\u00fcnde bir kaynak SANA muhabirine a\u00e7\u0131klamas\u0131nda, f\u00fczenin \u201c\u0130slam ordusu\u201d adl\u0131 ter\u00f6ristlerinin yo\u011fun bir \u015fekilde bulundu\u011fu\u00a0 Ayn Terma\u00a0 Beldesi yak\u0131nlar\u0131ndaki el Ke\u015fk\u00fcl b\u00f6lgesindeki \u201cYeni Ceramana\u201d yak\u0131t istasyonunu hedef ald\u0131\u011f\u0131na i\u015faret etti.<\/p>\n<p>Kaynak, f\u00fczenin b\u00fcy\u00fck bir patlamaya sebebiyet verdi\u011fini ve yak\u0131t istasyonunda b\u00fcy\u00fck bir yang\u0131na yol a\u00e7t\u0131\u011f\u0131n\u0131 belirterek bunun sonucunda bir \u015fahs\u0131n \u015fehit d\u00fc\u015fmesine 13 ki\u015finin de a\u011f\u0131r bir \u015fekilde yaralanmalar\u0131na sebebiyet verdi\u011fini ayr\u0131ca yak\u0131t istasyonu dahilinde bulunan 6 arac\u0131n da yanmas\u0131na yol a\u00e7t\u0131\u011f\u0131n\u0131 s\u00f6yledi.<\/p>\n<p>\u015eam Yang\u0131n S\u00f6nd\u00fcrme Ekibi m\u00fcd\u00fcr\u00fc Abdul Hadi Dahir, yang\u0131n s\u00f6nd\u00fcrme ekiplerinin \u00e7\u0131kan yang\u0131n\u0131 gece boyunca s\u00f6nd\u00fcrd\u00fcklerini belirterek, sabah saatlerinde uzaktan g\u00f6r\u00fclen dumanlar\u0131n yang\u0131n\u0131 s\u00f6nd\u00fcrmeden sonu\u00e7lanan buharla\u015fmadan kaynakland\u0131\u011f\u0131na dikkat \u00e7ekti.<\/p>\n<p>Dahir, yang\u0131n s\u00f6nd\u00fcrme ekiplerinden bir grubun yang\u0131n\u0131n bir daha alevlenmemesi i\u00e7in yak\u0131t istasyonunu so\u011futma ama\u00e7l\u0131 olarak halen olay yerinde bulunduklar\u0131na i\u015faret etti.<\/p>\n<p><span style=\"color: #0000ff\">\u015eam El Feyhaa Spor Salonu ve El Amara\u2019ya Y\u00f6nelik Ter\u00f6r Sald\u0131r\u0131s\u0131nda Maddi Hasarlar<\/span><\/p>\n<p>\u00d6te yandan ter\u00f6ristler d\u00fcn gece \u015eam el Fayhaa Spor Salonunu 3 havan roketiyle hedef ald\u0131.<\/p>\n<p>\u0130l emniyet kayna\u011f\u0131, ter\u00f6ristlerin f\u0131rlatt\u0131\u011f\u0131 3 havan roketinin el Fayhaa spor salonunun oyun sahas\u0131 \u00fczerine d\u00fc\u015fmesi sonucunda olay yerinde maddi hasarlara yol a\u00e7t\u0131\u011f\u0131n\u0131 herhangi \u00f6l\u00fc ve yaral\u0131n\u0131n bulunmad\u0131\u011f\u0131na dikkat \u00e7ekti.<\/p>\n<p>Kaynak, ter\u00f6ristlerin ayr\u0131ca, B\u00fcy\u00fck Emevi Camii yak\u0131nlar\u0131ndaki eski el Amara Semtinde sivil yerle\u015fim binas\u0131n\u0131n dam\u0131na d\u00fc\u015fmesi sonucunda bina ve bina \u00f6n\u00fcnde park halindeki 2 ara\u00e7ta maddi hasarlara yol a\u00e7t\u0131\u011f\u0131n\u0131 s\u00f6yledi.<\/p>\n<p>S.\u015e. &#8211; R.H.<\/p>\n","protected":false},"excerpt":{"rendered":"<p>\u015eAM KIRSALI \u2013 Ter\u00f6ristler d\u00fcn gece \u015eam K\u0131rsal\u0131 el Ke\u015fk\u00fcl B\u00f6lgesinde bir yak\u0131t istasyonunu roketli f\u00fcze ile hedef almalar\u0131 sonucunda bir vatanda\u015f\u0131n \u015fehit d\u00fc\u015fmesine baz\u0131lar\u0131n\u0131n da yaralanmas\u0131na yol a\u00e7t\u0131. \u015eam \u0130l Emniyet M\u00fcd\u00fcrl\u00fc\u011f\u00fcnde bir kaynak SANA muhabirine a\u00e7\u0131klamas\u0131nda, f\u00fczenin \u201c\u0130slam ordusu\u201d adl\u0131 ter\u00f6ristlerinin yo\u011fun bir \u015fekilde bulundu\u011fu\u00a0 Ayn Terma\u00a0 Beldesi yak\u0131nlar\u0131ndaki el Ke\u015fk\u00fcl b\u00f6lgesindeki \u201cYeni &hellip;<\/p>\n","protected":false},"author":1,"featured_media":28869,"comment_status":"closed","ping_status":"closed","sticky":false,"template":"","format":"standard","meta":{"footnotes":""},"categories":[479,575,478],"tags":[13344],"class_list":["post-28868","post","type-post","status-publish","format-standard","has-post-thumbnail","","category-haberler-yerel","category-olaylar-ve-gercekler","category-yerel","tag-am-kirsali-el-keskul-bolgesinde-yakit-istasyonu-teror-saldirisina-maruz-kaldi-sam-kirsali-teroristler-dun-gece-sam-kirsali-el-keskul-bolgesinde-bir-yakit-istasyonunu-roketli-fuze-ile-hedef-a"],"_links":{"self":[{"href":"https:\/\/archive.sana.sy\/tr\/index.php?rest_route=\/wp\/v2\/posts\/28868","targetHints":{"allow":["GET"]}}],"collection":[{"href":"https:\/\/archive.sana.sy\/tr\/index.php?rest_route=\/wp\/v2\/posts"}],"about":[{"href":"https:\/\/archive.sana.sy\/tr\/index.php?rest_route=\/wp\/v2\/types\/post"}],"author":[{"embeddable":true,"href":"https:\/\/archive.sana.sy\/tr\/index.php?rest_route=\/wp\/v2\/users\/1"}],"replies":[{"embeddable":true,"href":"https:\/\/archive.sana.sy\/tr\/index.php?rest_route=%2Fwp%2Fv2%2Fcomments&post=28868"}],"version-history":[{"count":0,"href":"https:\/\/archive.sana.sy\/tr\/index.php?rest_route=\/wp\/v2\/posts\/28868\/revisions"}],"wp:featuredmedia":[{"embeddable":true,"href":"https:\/\/archive.sana.sy\/tr\/index.php?rest_route=\/wp\/v2\/media\/28869"}],"wp:attachment":[{"href":"https:\/\/archive.sana.sy\/tr\/index.php?rest_route=%2Fwp%2Fv2%2Fmedia&parent=28868"}],"wp:term":[{"taxonomy":"category","embeddable":true,"href":"https:\/\/archive.sana.sy\/tr\/index.php?rest_route=%2Fwp%2Fv2%2Fcategories&post=28868"},{"taxonomy":"post_tag","embeddable":true,"href":"https:\/\/archive.sana.sy\/tr\/index.php?rest_route=%2Fwp%2Fv2%2Ftags&post=28868"}],"curies":[{"name":"wp","href":"https:\/\/api.w.org\/{rel}","templated":true}]}}