{"id":288729,"date":"2023-09-25T10:29:52","date_gmt":"2023-09-25T07:29:52","guid":{"rendered":"https:\/\/sana.sy\/tr\/?p=288729"},"modified":"2023-09-29T08:49:05","modified_gmt":"2023-09-29T05:49:05","slug":"rusya-savunmasi-kirim-kursk-ve-bryansk-uzerinde-ukrayna-insansiz-hava-araclarini-dusurdu","status":"publish","type":"post","link":"https:\/\/archive.sana.sy\/tr\/?p=288729","title":{"rendered":"Rusya Savunmas\u0131: K\u0131r\u0131m, Kursk Ve Bryansk \u00dczerinde Ukrayna \u0130nsans\u0131z Hava Ara\u00e7lar\u0131 D\u00fc\u015f\u00fcr\u00fcld\u00fc"},"content":{"rendered":"<p style=\"text-align: justify;\"><strong>MOSKOVA 25 Eyl\u00fcl (SANA) \u2013<\/strong> Rus hava savunma sistemleri bug\u00fcn erken saatlerde Karadeniz, K\u0131r\u0131m, Kursk ve Bryansk illeri \u00fczerinde 8 Ukrayna insans\u0131z hava arac\u0131n\u0131 d\u00fc\u015f\u00fcr\u00fcld\u00fc.<\/p>\n<p style=\"text-align: justify;\">RT&#8217;nin internet sitesine g\u00f6re, Rusya Savunma Bakanl\u0131\u011f\u0131 yapt\u0131\u011f\u0131 a\u00e7\u0131klamada \u015funlar\u0131 s\u00f6yledi: \u201c Kiev rejiminin Rusya topraklar\u0131ndaki hedeflere insans\u0131z hava ara\u00e7lar\u0131 kullanarak ter\u00f6r sald\u0131r\u0131lar\u0131 d\u00fczenleme giri\u015fimi engellendi ve Hava savunma sistemleri taraf\u0131ndan de Karadeniz&#8217;in kuzeybat\u0131 kesiminde ve K\u0131r\u0131m Cumhuriyeti topraklar\u0131nda d\u00f6rt \u0130HA&#8217;y\u0131 imha etti\u011fini.\u201d<\/p>\n<p style=\"text-align: justify;\">A\u00e7\u0131klamada ayr\u0131ca, bu sabah hava savunmas\u0131n\u0131n Kursk Eyaleti hava sahas\u0131nda iki Ukrayna insans\u0131z hava arac\u0131n\u0131 durdurdu\u011funu ve Bryansk Eyaleti topraklar\u0131nda di\u011fer iki insans\u0131z hava arac\u0131n\u0131 imha etti\u011fini de s\u00f6zlerine ekledi.<\/p>\n<p style=\"text-align: justify;\"><a href=\"https:\/\/t.me\/SuriyeArapHaberAjansI\">Telegram Kanal\u0131m\u0131z\u00a0<\/a><\/p>\n<p style=\"text-align: justify;\"><a href=\"https:\/\/www.facebook.com\/SANAHaberAjansi\/\">Facebook Sayfam\u0131z<\/a><\/p>\n<p style=\"text-align: justify;\"><a href=\"https:\/\/twitter.com\/arap_ajans\">Twitter Hesab\u0131m\u0131z<\/a><\/p>\n","protected":false},"excerpt":{"rendered":"<p>MOSKOVA 25 Eyl\u00fcl (SANA) \u2013 Rus hava savunma sistemleri bug\u00fcn erken saatlerde Karadeniz, K\u0131r\u0131m, Kursk ve Bryansk illeri \u00fczerinde 8 Ukrayna insans\u0131z hava arac\u0131n\u0131 d\u00fc\u015f\u00fcr\u00fcld\u00fc. RT&#8217;nin internet sitesine g\u00f6re, Rusya Savunma Bakanl\u0131\u011f\u0131 yapt\u0131\u011f\u0131 a\u00e7\u0131klamada \u015funlar\u0131 s\u00f6yledi: \u201c Kiev rejiminin Rusya topraklar\u0131ndaki hedeflere insans\u0131z hava ara\u00e7lar\u0131 kullanarak ter\u00f6r sald\u0131r\u0131lar\u0131 d\u00fczenleme giri\u015fimi engellendi ve Hava savunma sistemleri &hellip;<\/p>\n","protected":false},"author":39,"featured_media":288730,"comment_status":"closed","ping_status":"closed","sticky":false,"template":"","format":"standard","meta":{"footnotes":""},"categories":[458,459,17988],"tags":[39884,39885,39883],"class_list":["post-288729","post","type-post","status-publish","format-standard","has-post-thumbnail","","category-dunya1","category-haberler-arap-uluslararasi-politika","category-son-haberler","tag-kursk-ve-bryansk-uzerinde-ukrayna-insansiz-hava-araclari-dusuruldu","tag-rus-hava-savunma-sistemleri","tag-rusya-savunmasi-kirim"],"_links":{"self":[{"href":"https:\/\/archive.sana.sy\/tr\/index.php?rest_route=\/wp\/v2\/posts\/288729","targetHints":{"allow":["GET"]}}],"collection":[{"href":"https:\/\/archive.sana.sy\/tr\/index.php?rest_route=\/wp\/v2\/posts"}],"about":[{"href":"https:\/\/archive.sana.sy\/tr\/index.php?rest_route=\/wp\/v2\/types\/post"}],"author":[{"embeddable":true,"href":"https:\/\/archive.sana.sy\/tr\/index.php?rest_route=\/wp\/v2\/users\/39"}],"replies":[{"embeddable":true,"href":"https:\/\/archive.sana.sy\/tr\/index.php?rest_route=%2Fwp%2Fv2%2Fcomments&post=288729"}],"version-history":[{"count":5,"href":"https:\/\/archive.sana.sy\/tr\/index.php?rest_route=\/wp\/v2\/posts\/288729\/revisions"}],"predecessor-version":[{"id":288794,"href":"https:\/\/archive.sana.sy\/tr\/index.php?rest_route=\/wp\/v2\/posts\/288729\/revisions\/288794"}],"wp:featuredmedia":[{"embeddable":true,"href":"https:\/\/archive.sana.sy\/tr\/index.php?rest_route=\/wp\/v2\/media\/288730"}],"wp:attachment":[{"href":"https:\/\/archive.sana.sy\/tr\/index.php?rest_route=%2Fwp%2Fv2%2Fmedia&parent=288729"}],"wp:term":[{"taxonomy":"category","embeddable":true,"href":"https:\/\/archive.sana.sy\/tr\/index.php?rest_route=%2Fwp%2Fv2%2Fcategories&post=288729"},{"taxonomy":"post_tag","embeddable":true,"href":"https:\/\/archive.sana.sy\/tr\/index.php?rest_route=%2Fwp%2Fv2%2Ftags&post=288729"}],"curies":[{"name":"wp","href":"https:\/\/api.w.org\/{rel}","templated":true}]}}