{"id":288735,"date":"2023-09-25T11:31:05","date_gmt":"2023-09-25T08:31:05","guid":{"rendered":"https:\/\/sana.sy\/tr\/?p=288735"},"modified":"2023-09-29T08:49:07","modified_gmt":"2023-09-29T05:49:07","slug":"tel-temr-elektrik-santrali-isgalci-turkiyenin-saldirisi-sonucu-hizmet-disi-kaldi-3","status":"publish","type":"post","link":"https:\/\/archive.sana.sy\/tr\/?p=288735","title":{"rendered":"Tel Temir Elektrik Santrali \u0130\u015fgalci T\u00fcrkiye\u2019nin Sald\u0131r\u0131s\u0131 Sonucu Hizmet D\u0131\u015f\u0131 Kald\u0131"},"content":{"rendered":"<p style=\"text-align: justify;\"><strong>HASEKE 25 Eyl\u00fcl (SANA) \u2013 <\/strong>Tel Temir santrali, T\u00fcrk i\u015fgal g\u00fc\u00e7lerinin b\u00f6lgeye top mermisi sald\u0131rganl\u0131\u011f\u0131 sonucu istasyonu besleyen 66 KV gerilim hatt\u0131n\u0131n hasar g\u00f6rmesi sonucunda hizmet d\u0131\u015f\u0131 kald\u0131.<\/p>\n<p style=\"text-align: justify;\"><strong>\u00a0<\/strong>Haseke Elektrik \u015eirketi Genel M\u00fcd\u00fcr\u00fc M\u00fchendis Saleh \u0130dris, SANA muhabirine yapt\u0131\u011f\u0131 a\u00e7\u0131klamada, &#8221;Tel Temir k\u0131rsal\u0131ndaki Umm El Kif b\u00f6lgesinde istasyonu besleyen (66 kV) hatt\u0131n \u00e7ok say\u0131da top mermisi ile hedef al\u0131nmas\u0131 sonucu istasyon, T\u00fcrk i\u015fgali sonucu hizmet d\u0131\u015f\u0131 kald\u0131. Bu da Tel Temir b\u00f6lgesine ve \u00e7evredeki n\u00fcfus merkezlerine ve k\u00f6ylere elektrik tedarikinin kesilmesine yol a\u00e7t\u0131&#8221; diyerek,\u00a0 \u015firketinin hatt\u0131n gerekli onar\u0131mlar\u0131n\u0131 ger\u00e7ekle\u015ftirerek istasyonun en k\u0131sa s\u00fcrede tekrar hizmete a\u00e7\u0131lmas\u0131 konusunda istekli olaca\u011f\u0131n\u0131 ifade etti.<\/p>\n<p style=\"text-align: justify;\">Bu haftan\u0131n ba\u015f\u0131ndan bu yana Tel Tamir k\u0131rsal\u0131ndaki k\u00f6yler T\u00fcrk i\u015fgal g\u00fc\u00e7leri taraf\u0131ndan defalarca hedef al\u0131n\u0131yor. \u00a0Bu sald\u0131rganl\u0131klar evlerde, kamu ve \u00f6zel m\u00fclklerde maddi hasara yol a\u00e7t\u0131.<\/p>\n<p style=\"text-align: justify;\"><a href=\"https:\/\/t.me\/SuriyeArapHaberAjansI\">Telegram Kanal\u0131m\u0131z\u00a0<\/a><\/p>\n<p style=\"text-align: justify;\"><a href=\"https:\/\/www.facebook.com\/SANAHaberAjansi\/\">Facebook Sayfam\u0131z<\/a><\/p>\n<p style=\"text-align: justify;\"><a href=\"https:\/\/twitter.com\/arap_ajans\">Twitter Hesab\u0131m\u0131z<\/a><\/p>\n","protected":false},"excerpt":{"rendered":"<p>HASEKE 25 Eyl\u00fcl (SANA) \u2013 Tel Temir santrali, T\u00fcrk i\u015fgal g\u00fc\u00e7lerinin b\u00f6lgeye top mermisi sald\u0131rganl\u0131\u011f\u0131 sonucu istasyonu besleyen 66 KV gerilim hatt\u0131n\u0131n hasar g\u00f6rmesi sonucunda hizmet d\u0131\u015f\u0131 kald\u0131. \u00a0Haseke Elektrik \u015eirketi Genel M\u00fcd\u00fcr\u00fc M\u00fchendis Saleh \u0130dris, SANA muhabirine yapt\u0131\u011f\u0131 a\u00e7\u0131klamada, &#8221;Tel Temir k\u0131rsal\u0131ndaki Umm El Kif b\u00f6lgesinde istasyonu besleyen (66 kV) hatt\u0131n \u00e7ok say\u0131da top &hellip;<\/p>\n","protected":false},"author":39,"featured_media":288736,"comment_status":"closed","ping_status":"closed","sticky":false,"template":"","format":"standard","meta":{"footnotes":""},"categories":[479,575,17988,478],"tags":[],"class_list":["post-288735","post","type-post","status-publish","format-standard","has-post-thumbnail","","category-haberler-yerel","category-olaylar-ve-gercekler","category-son-haberler","category-yerel"],"_links":{"self":[{"href":"https:\/\/archive.sana.sy\/tr\/index.php?rest_route=\/wp\/v2\/posts\/288735","targetHints":{"allow":["GET"]}}],"collection":[{"href":"https:\/\/archive.sana.sy\/tr\/index.php?rest_route=\/wp\/v2\/posts"}],"about":[{"href":"https:\/\/archive.sana.sy\/tr\/index.php?rest_route=\/wp\/v2\/types\/post"}],"author":[{"embeddable":true,"href":"https:\/\/archive.sana.sy\/tr\/index.php?rest_route=\/wp\/v2\/users\/39"}],"replies":[{"embeddable":true,"href":"https:\/\/archive.sana.sy\/tr\/index.php?rest_route=%2Fwp%2Fv2%2Fcomments&post=288735"}],"version-history":[{"count":6,"href":"https:\/\/archive.sana.sy\/tr\/index.php?rest_route=\/wp\/v2\/posts\/288735\/revisions"}],"predecessor-version":[{"id":288761,"href":"https:\/\/archive.sana.sy\/tr\/index.php?rest_route=\/wp\/v2\/posts\/288735\/revisions\/288761"}],"wp:featuredmedia":[{"embeddable":true,"href":"https:\/\/archive.sana.sy\/tr\/index.php?rest_route=\/wp\/v2\/media\/288736"}],"wp:attachment":[{"href":"https:\/\/archive.sana.sy\/tr\/index.php?rest_route=%2Fwp%2Fv2%2Fmedia&parent=288735"}],"wp:term":[{"taxonomy":"category","embeddable":true,"href":"https:\/\/archive.sana.sy\/tr\/index.php?rest_route=%2Fwp%2Fv2%2Fcategories&post=288735"},{"taxonomy":"post_tag","embeddable":true,"href":"https:\/\/archive.sana.sy\/tr\/index.php?rest_route=%2Fwp%2Fv2%2Ftags&post=288735"}],"curies":[{"name":"wp","href":"https:\/\/api.w.org\/{rel}","templated":true}]}}