{"id":288763,"date":"2023-09-25T13:31:28","date_gmt":"2023-09-25T10:31:28","guid":{"rendered":"https:\/\/sana.sy\/tr\/?p=288763"},"modified":"2023-09-28T14:04:09","modified_gmt":"2023-09-28T11:04:09","slug":"cumhurbaskani-esad-zhao-lijie-ile-gorusmesinde-cinin-girisimleri-umut-teskil-ediyor-ve-yeni-bir-dunyanin-kapilarini-aciyor","status":"publish","type":"post","link":"https:\/\/archive.sana.sy\/tr\/?p=288763","title":{"rendered":"Cumhurba\u015fkan\u0131 Esad, Zhao Lijie \u0130le G\u00f6r\u00fc\u015fmesinde: \u00c7in&#8217;in Giri\u015fimleri Umut Te\u015fkil Ediyor Ve Yeni Bir D\u00fcnyan\u0131n Kap\u0131lar\u0131n\u0131 A\u00e7\u0131yor"},"content":{"rendered":"<p style=\"text-align: justify;\"><strong>PEK\u0130N 25 EYL\u00dcL (SANA)<\/strong> &#8211; Cumhurba\u015fkan\u0131 Be\u015f\u015far Esad bug\u00fcn \u00c7in&#8217;in ba\u015fkenti Pekin&#8217;de \u00c7in Ulusal Halk Kongresi Daimi Komitesi Ba\u015fkan\u0131 Zhao Lijie ile bir araya geldi.<\/p>\n<p style=\"text-align: justify;\">G\u00f6r\u00fc\u015fme s\u0131ras\u0131nda Cumhurba\u015fkan\u0131 Esad, zora dayal\u0131 eski d\u00fcnyadan eti\u011fe dayal\u0131 yeni d\u00fcnyaya ge\u00e7i\u015fin, etik politika ve etik geli\u015fim izleyen, t\u00fcm d\u00fcnyaya giri\u015fimler sunan \u00c7in&#8217;in rol\u00fcnden ba\u015flamas\u0131 gerekti\u011fini kayederek, ba\u015fkan Xi Jinping&#8217;in ortaya koydu\u011fu giri\u015fimlerin umudu temsil etti\u011fine ve yeni bir d\u00fcnyan\u0131n kap\u0131lar\u0131n\u0131 a\u00e7t\u0131\u011f\u0131na dikkat \u00e7ekti.<\/p>\n<p style=\"text-align: justify;\">Cumhurba\u015fkan\u0131 Esad, &#8220;\u00c7in, \u00fclkelerin i\u00e7 i\u015flerine m\u00fcdahaleyi reddetme, \u00fclkelerin politikalar\u0131na sayg\u0131 duyma ve ter\u00f6rizmi reddetmeyi temel alan \u00c7in politikas\u0131na dayanarak siyasi olarak yan\u0131m\u0131zda yer ald\u0131. Ayr\u0131ca ekonomik ve insani alanda da Suriye halk\u0131n\u0131n ku\u015fatman\u0131n etkilerini hafifletmesine yard\u0131mc\u0131 olarak yan\u0131m\u0131zda oldu, B\u00fct\u00fcn bunlar i\u00e7in \u00c7in&#8217;in yapt\u0131\u011f\u0131 her \u015fey i\u00e7in size b\u00fcy\u00fck te\u015fekk\u00fcrlerimizi sunuyoruz&#8221; s\u00f6zlerini ifadelerine ekledi.<\/p>\n<p style=\"text-align: justify;\">Cumhurba\u015fkan\u0131 Esad \u015f\u00f6yle devam etti: &#8221;\u00dc\u00e7 giri\u015fim arac\u0131l\u0131\u011f\u0131yla \u00c7in&#8217;in mevcut ve gelecekteki rol\u00fcn\u00fc sab\u0131rs\u0131zl\u0131kla bekliyoruz. Bu giri\u015fimler \u015funlard\u0131r: K\u00fcresel Medeniyet Giri\u015fimi, K\u00fcresel G\u00fcvenlik Giri\u015fimi, Herkes i\u00e7in G\u00fcvenlik ve K\u00fcresel Kalk\u0131nma Giri\u015fimi. Bu da, birbirimizin zarar\u0131na kar elde etmek yerine halklar olarak fayda al\u0131\u015fveri\u015finde bulundu\u011fumuz anlam\u0131na geliyor&#8221;.<\/p>\n<p style=\"text-align: justify;\">Cumhurba\u015fkan\u0131 Esad ayr\u0131ca, Suudi-\u0130ran anla\u015fmas\u0131n\u0131 tamamlamadaki ba\u015far\u0131s\u0131ndan dolay\u0131 \u00c7in\u2019i tebrik ederek, bu ba\u015far\u0131n\u0131n \u00c7in\u2019in bug\u00fcn uluslararas\u0131, medeni, siyasi ve ahlaki bir g\u00fc\u00e7 oldu\u011funun kan\u0131t\u0131 oldu\u011funu kaydetti.<\/p>\n<div id='gallery-1' class='gallery galleryid-288763 gallery-columns-1 gallery-size-full'><figure class='gallery-item'>\n\t\t\t<div class='gallery-icon landscape'>\n\t\t\t\t<a href='https:\/\/archive.sana.sy\/tr\/wp-content\/uploads\/2023\/09\/\u0645\u062c\u0644\u0633-\u0627\u0644\u0634\u0639\u0628-15.jpg'><img loading=\"lazy\" decoding=\"async\" width=\"1200\" height=\"825\" src=\"https:\/\/archive.sana.sy\/tr\/wp-content\/uploads\/2023\/09\/\u0645\u062c\u0644\u0633-\u0627\u0644\u0634\u0639\u0628-15.jpg\" class=\"attachment-full size-full\" alt=\"\" srcset=\"https:\/\/archive.sana.sy\/tr\/wp-content\/uploads\/2023\/09\/\u0645\u062c\u0644\u0633-\u0627\u0644\u0634\u0639\u0628-15.jpg 1200w, https:\/\/archive.sana.sy\/tr\/wp-content\/uploads\/2023\/09\/\u0645\u062c\u0644\u0633-\u0627\u0644\u0634\u0639\u0628-15-300x206.jpg 300w, https:\/\/archive.sana.sy\/tr\/wp-content\/uploads\/2023\/09\/\u0645\u062c\u0644\u0633-\u0627\u0644\u0634\u0639\u0628-15-1024x704.jpg 1024w, https:\/\/archive.sana.sy\/tr\/wp-content\/uploads\/2023\/09\/\u0645\u062c\u0644\u0633-\u0627\u0644\u0634\u0639\u0628-15-768x528.jpg 768w, https:\/\/archive.sana.sy\/tr\/wp-content\/uploads\/2023\/09\/\u0645\u062c\u0644\u0633-\u0627\u0644\u0634\u0639\u0628-15-110x75.jpg 110w\" sizes=\"auto, (max-width: 1200px) 100vw, 1200px\" \/><\/a>\n\t\t\t<\/div><\/figure><figure class='gallery-item'>\n\t\t\t<div class='gallery-icon landscape'>\n\t\t\t\t<a href='https:\/\/archive.sana.sy\/tr\/wp-content\/uploads\/2023\/09\/\u0645\u062c\u0644\u0633-\u0627\u0644\u0634\u0639\u0628-18.jpg'><img loading=\"lazy\" decoding=\"async\" width=\"1200\" height=\"597\" src=\"https:\/\/archive.sana.sy\/tr\/wp-content\/uploads\/2023\/09\/\u0645\u062c\u0644\u0633-\u0627\u0644\u0634\u0639\u0628-18.jpg\" class=\"attachment-full size-full\" alt=\"\" srcset=\"https:\/\/archive.sana.sy\/tr\/wp-content\/uploads\/2023\/09\/\u0645\u062c\u0644\u0633-\u0627\u0644\u0634\u0639\u0628-18.jpg 1200w, https:\/\/archive.sana.sy\/tr\/wp-content\/uploads\/2023\/09\/\u0645\u062c\u0644\u0633-\u0627\u0644\u0634\u0639\u0628-18-300x149.jpg 300w, https:\/\/archive.sana.sy\/tr\/wp-content\/uploads\/2023\/09\/\u0645\u062c\u0644\u0633-\u0627\u0644\u0634\u0639\u0628-18-1024x509.jpg 1024w, https:\/\/archive.sana.sy\/tr\/wp-content\/uploads\/2023\/09\/\u0645\u062c\u0644\u0633-\u0627\u0644\u0634\u0639\u0628-18-768x382.jpg 768w\" sizes=\"auto, (max-width: 1200px) 100vw, 1200px\" \/><\/a>\n\t\t\t<\/div><\/figure><figure class='gallery-item'>\n\t\t\t<div class='gallery-icon landscape'>\n\t\t\t\t<a href='https:\/\/archive.sana.sy\/tr\/wp-content\/uploads\/2023\/09\/\u0645\u062c\u0644\u0633-\u0627\u0644\u0634\u0639\u0628-20.jpg'><img loading=\"lazy\" decoding=\"async\" width=\"1200\" height=\"575\" src=\"https:\/\/archive.sana.sy\/tr\/wp-content\/uploads\/2023\/09\/\u0645\u062c\u0644\u0633-\u0627\u0644\u0634\u0639\u0628-20.jpg\" class=\"attachment-full size-full\" alt=\"\" srcset=\"https:\/\/archive.sana.sy\/tr\/wp-content\/uploads\/2023\/09\/\u0645\u062c\u0644\u0633-\u0627\u0644\u0634\u0639\u0628-20.jpg 1200w, https:\/\/archive.sana.sy\/tr\/wp-content\/uploads\/2023\/09\/\u0645\u062c\u0644\u0633-\u0627\u0644\u0634\u0639\u0628-20-300x144.jpg 300w, https:\/\/archive.sana.sy\/tr\/wp-content\/uploads\/2023\/09\/\u0645\u062c\u0644\u0633-\u0627\u0644\u0634\u0639\u0628-20-1024x491.jpg 1024w, https:\/\/archive.sana.sy\/tr\/wp-content\/uploads\/2023\/09\/\u0645\u062c\u0644\u0633-\u0627\u0644\u0634\u0639\u0628-20-768x368.jpg 768w\" sizes=\"auto, (max-width: 1200px) 100vw, 1200px\" \/><\/a>\n\t\t\t<\/div><\/figure><figure class='gallery-item'>\n\t\t\t<div class='gallery-icon landscape'>\n\t\t\t\t<a href='https:\/\/archive.sana.sy\/tr\/wp-content\/uploads\/2023\/09\/\u0645\u062c\u0644\u0633-\u0627\u0644\u0634\u0639\u0628-27.jpg'><img loading=\"lazy\" decoding=\"async\" width=\"1200\" height=\"544\" src=\"https:\/\/archive.sana.sy\/tr\/wp-content\/uploads\/2023\/09\/\u0645\u062c\u0644\u0633-\u0627\u0644\u0634\u0639\u0628-27.jpg\" class=\"attachment-full size-full\" alt=\"\" srcset=\"https:\/\/archive.sana.sy\/tr\/wp-content\/uploads\/2023\/09\/\u0645\u062c\u0644\u0633-\u0627\u0644\u0634\u0639\u0628-27.jpg 1200w, https:\/\/archive.sana.sy\/tr\/wp-content\/uploads\/2023\/09\/\u0645\u062c\u0644\u0633-\u0627\u0644\u0634\u0639\u0628-27-300x136.jpg 300w, https:\/\/archive.sana.sy\/tr\/wp-content\/uploads\/2023\/09\/\u0645\u062c\u0644\u0633-\u0627\u0644\u0634\u0639\u0628-27-1024x464.jpg 1024w, https:\/\/archive.sana.sy\/tr\/wp-content\/uploads\/2023\/09\/\u0645\u062c\u0644\u0633-\u0627\u0644\u0634\u0639\u0628-27-768x348.jpg 768w\" sizes=\"auto, (max-width: 1200px) 100vw, 1200px\" \/><\/a>\n\t\t\t<\/div><\/figure><figure class='gallery-item'>\n\t\t\t<div class='gallery-icon portrait'>\n\t\t\t\t<a href='https:\/\/archive.sana.sy\/tr\/wp-content\/uploads\/2023\/09\/\u0645\u062c\u0644\u0633-\u0627\u0644\u0634\u0639\u0628-29.jpg'><img loading=\"lazy\" decoding=\"async\" width=\"1200\" height=\"1246\" src=\"https:\/\/archive.sana.sy\/tr\/wp-content\/uploads\/2023\/09\/\u0645\u062c\u0644\u0633-\u0627\u0644\u0634\u0639\u0628-29.jpg\" class=\"attachment-full size-full\" alt=\"\" srcset=\"https:\/\/archive.sana.sy\/tr\/wp-content\/uploads\/2023\/09\/\u0645\u062c\u0644\u0633-\u0627\u0644\u0634\u0639\u0628-29.jpg 1200w, https:\/\/archive.sana.sy\/tr\/wp-content\/uploads\/2023\/09\/\u0645\u062c\u0644\u0633-\u0627\u0644\u0634\u0639\u0628-29-289x300.jpg 289w, https:\/\/archive.sana.sy\/tr\/wp-content\/uploads\/2023\/09\/\u0645\u062c\u0644\u0633-\u0627\u0644\u0634\u0639\u0628-29-986x1024.jpg 986w, https:\/\/archive.sana.sy\/tr\/wp-content\/uploads\/2023\/09\/\u0645\u062c\u0644\u0633-\u0627\u0644\u0634\u0639\u0628-29-768x797.jpg 768w\" sizes=\"auto, (max-width: 1200px) 100vw, 1200px\" \/><\/a>\n\t\t\t<\/div><\/figure>\n\t\t<\/div>\n\n<p style=\"text-align: justify;\"><a href=\"https:\/\/t.me\/SuriyeArapHaberAjansI\">Telegram Kanal\u0131m\u0131z\u00a0<\/a><\/p>\n<p style=\"text-align: justify;\"><a href=\"https:\/\/www.facebook.com\/SANAHaberAjansi\/\">Facebook Sayfam\u0131z<\/a><\/p>\n<p style=\"text-align: justify;\"><a href=\"https:\/\/twitter.com\/arap_ajans\">Twitter Hesab\u0131m\u0131z<\/a><\/p>\n","protected":false},"excerpt":{"rendered":"<p>PEK\u0130N 25 EYL\u00dcL (SANA) &#8211; Cumhurba\u015fkan\u0131 Be\u015f\u015far Esad bug\u00fcn \u00c7in&#8217;in ba\u015fkenti Pekin&#8217;de \u00c7in Ulusal Halk Kongresi Daimi Komitesi Ba\u015fkan\u0131 Zhao Lijie ile bir araya geldi. G\u00f6r\u00fc\u015fme s\u0131ras\u0131nda Cumhurba\u015fkan\u0131 Esad, zora dayal\u0131 eski d\u00fcnyadan eti\u011fe dayal\u0131 yeni d\u00fcnyaya ge\u00e7i\u015fin, etik politika ve etik geli\u015fim izleyen, t\u00fcm d\u00fcnyaya giri\u015fimler sunan \u00c7in&#8217;in rol\u00fcnden ba\u015flamas\u0131 gerekti\u011fini kayederek, ba\u015fkan Xi &hellip;<\/p>\n","protected":false},"author":39,"featured_media":288764,"comment_status":"closed","ping_status":"closed","sticky":false,"template":"","format":"standard","meta":{"footnotes":""},"categories":[606,458,459,605,17988],"tags":[38219,39875],"class_list":["post-288763","post","type-post","status-publish","format-standard","has-post-thumbnail","","category-cumhurbaskani","category-dunya1","category-haberler-arap-uluslararasi-politika","category-sayin-cumhurbaskani","category-son-haberler","tag-cumhurbaskani-esad","tag-zhao-lijie-ile-gorusmesinde-cinin-girisimleri-umut-teskil-ediyor-ve-yeni-bir-dunyanin-kapilarini-aciyor"],"_links":{"self":[{"href":"https:\/\/archive.sana.sy\/tr\/index.php?rest_route=\/wp\/v2\/posts\/288763","targetHints":{"allow":["GET"]}}],"collection":[{"href":"https:\/\/archive.sana.sy\/tr\/index.php?rest_route=\/wp\/v2\/posts"}],"about":[{"href":"https:\/\/archive.sana.sy\/tr\/index.php?rest_route=\/wp\/v2\/types\/post"}],"author":[{"embeddable":true,"href":"https:\/\/archive.sana.sy\/tr\/index.php?rest_route=\/wp\/v2\/users\/39"}],"replies":[{"embeddable":true,"href":"https:\/\/archive.sana.sy\/tr\/index.php?rest_route=%2Fwp%2Fv2%2Fcomments&post=288763"}],"version-history":[{"count":9,"href":"https:\/\/archive.sana.sy\/tr\/index.php?rest_route=\/wp\/v2\/posts\/288763\/revisions"}],"predecessor-version":[{"id":288778,"href":"https:\/\/archive.sana.sy\/tr\/index.php?rest_route=\/wp\/v2\/posts\/288763\/revisions\/288778"}],"wp:featuredmedia":[{"embeddable":true,"href":"https:\/\/archive.sana.sy\/tr\/index.php?rest_route=\/wp\/v2\/media\/288764"}],"wp:attachment":[{"href":"https:\/\/archive.sana.sy\/tr\/index.php?rest_route=%2Fwp%2Fv2%2Fmedia&parent=288763"}],"wp:term":[{"taxonomy":"category","embeddable":true,"href":"https:\/\/archive.sana.sy\/tr\/index.php?rest_route=%2Fwp%2Fv2%2Fcategories&post=288763"},{"taxonomy":"post_tag","embeddable":true,"href":"https:\/\/archive.sana.sy\/tr\/index.php?rest_route=%2Fwp%2Fv2%2Ftags&post=288763"}],"curies":[{"name":"wp","href":"https:\/\/api.w.org\/{rel}","templated":true}]}}