{"id":288787,"date":"2023-09-25T14:32:13","date_gmt":"2023-09-25T11:32:13","guid":{"rendered":"https:\/\/sana.sy\/tr\/?p=288787"},"modified":"2023-09-29T08:49:10","modified_gmt":"2023-09-29T05:49:10","slug":"icisleri-bakani-brezilyanin-sam-buyukelcisi-ile-iki-ulke-arasindaki-iliskilerin-guclendirilmesini-gorustu","status":"publish","type":"post","link":"https:\/\/archive.sana.sy\/tr\/?p=288787","title":{"rendered":"\u0130\u00e7i\u015fleri Bakan\u0131, Brezilya&#8217;n\u0131n \u015eam B\u00fcy\u00fckel\u00e7isi \u0130le \u0130ki \u00dclke Aras\u0131ndaki \u0130li\u015fkilerin G\u00fc\u00e7lendirilmesini G\u00f6r\u00fc\u015ft\u00fc"},"content":{"rendered":"<p style=\"text-align: justify;\"><strong>\u015eAM 25 Eyl\u00fcl (SANA)<\/strong> \u2013 \u0130\u00e7i\u015fleri Bakan\u0131 T\u00fcmgeneral Muhammed Rahmun, Brezilya&#8217;n\u0131n \u015eam B\u00fcy\u00fckel\u00e7isi Andre Santos ile ba\u015fta g\u00fcvenlik olmak \u00fczere \u00e7e\u015fitli alanlarda ortak i\u015fbirli\u011fi ili\u015fkilerini g\u00fc\u00e7lendirmenin ve geli\u015ftirmenin yollar\u0131n\u0131 g\u00f6r\u00fc\u015ft\u00fc.<\/p>\n<p style=\"text-align: justify;\">Bakan Rahmun, \u0130\u00e7i\u015fleri Bakanl\u0131\u011f\u0131&#8217;n\u0131n Suriye&#8217;deki Brezilya toplumunun \u00e7\u0131karlar\u0131n\u0131 g\u00f6zetmeye ve Suriye&#8217;de ikamet eden Brezilya vatanda\u015flar\u0131na t\u00fcm olanaklar\u0131 sa\u011flamaya ve onlar\u0131n ko\u015fullar\u0131n\u0131 ele almaya istekli oldu\u011funu vurgulad\u0131.<\/p>\n<p style=\"text-align: justify;\">\u0130\u00e7i\u015fleri Bakan\u0131, iki dost \u00fclke aras\u0131ndaki ili\u015fkilerin, iki \u00fclke ve halklar\u0131 aras\u0131nda kar\u015f\u0131l\u0131kl\u0131 sayg\u0131ya dayal\u0131 tarihi ili\u015fkiler oldu\u011funa dikkat \u00e7ekti.<\/p>\n<p style=\"text-align: justify;\">Kendi y\u00f6n\u00fcnden Brezilya b\u00fcy\u00fckel\u00e7isi ise, iki \u00fclke aras\u0131ndaki ili\u015fkileri g\u00fc\u00e7lendirmek ve iki dost halk\u0131n yarar\u0131na geli\u015ftirmek i\u00e7in her t\u00fcrl\u00fc \u00e7abay\u0131 g\u00f6sterece\u011fini vurgulad\u0131.<\/p>\n<p><a href=\"https:\/\/t.me\/SuriyeArapHaberAjansI\">Telegram Kanal\u0131m\u0131z\u00a0<\/a><\/p>\n<p><a href=\"https:\/\/www.facebook.com\/SANAHaberAjansi\/\">Facebook Sayfam\u0131z<\/a><\/p>\n<p><a href=\"https:\/\/twitter.com\/arap_ajans\">Twitter Hesab\u0131m\u0131z<\/a><\/p>\n","protected":false},"excerpt":{"rendered":"<p>\u015eAM 25 Eyl\u00fcl (SANA) \u2013 \u0130\u00e7i\u015fleri Bakan\u0131 T\u00fcmgeneral Muhammed Rahmun, Brezilya&#8217;n\u0131n \u015eam B\u00fcy\u00fckel\u00e7isi Andre Santos ile ba\u015fta g\u00fcvenlik olmak \u00fczere \u00e7e\u015fitli alanlarda ortak i\u015fbirli\u011fi ili\u015fkilerini g\u00fc\u00e7lendirmenin ve geli\u015ftirmenin yollar\u0131n\u0131 g\u00f6r\u00fc\u015ft\u00fc. Bakan Rahmun, \u0130\u00e7i\u015fleri Bakanl\u0131\u011f\u0131&#8217;n\u0131n Suriye&#8217;deki Brezilya toplumunun \u00e7\u0131karlar\u0131n\u0131 g\u00f6zetmeye ve Suriye&#8217;de ikamet eden Brezilya vatanda\u015flar\u0131na t\u00fcm olanaklar\u0131 sa\u011flamaya ve onlar\u0131n ko\u015fullar\u0131n\u0131 ele almaya istekli oldu\u011funu &hellip;<\/p>\n","protected":false},"author":39,"featured_media":288788,"comment_status":"closed","ping_status":"closed","sticky":false,"template":"","format":"standard","meta":{"footnotes":""},"categories":[479,17988,478],"tags":[39882,39881,19043,38641],"class_list":["post-288787","post","type-post","status-publish","format-standard","has-post-thumbnail","","category-haberler-yerel","category-son-haberler","category-yerel","tag-brezilyanin-sam-buyukelcisi-andre-santo","tag-suriye-ve-breziyla","tag-suriyede-son-durum","tag-suriyede-son-gelimeler"],"_links":{"self":[{"href":"https:\/\/archive.sana.sy\/tr\/index.php?rest_route=\/wp\/v2\/posts\/288787","targetHints":{"allow":["GET"]}}],"collection":[{"href":"https:\/\/archive.sana.sy\/tr\/index.php?rest_route=\/wp\/v2\/posts"}],"about":[{"href":"https:\/\/archive.sana.sy\/tr\/index.php?rest_route=\/wp\/v2\/types\/post"}],"author":[{"embeddable":true,"href":"https:\/\/archive.sana.sy\/tr\/index.php?rest_route=\/wp\/v2\/users\/39"}],"replies":[{"embeddable":true,"href":"https:\/\/archive.sana.sy\/tr\/index.php?rest_route=%2Fwp%2Fv2%2Fcomments&post=288787"}],"version-history":[{"count":3,"href":"https:\/\/archive.sana.sy\/tr\/index.php?rest_route=\/wp\/v2\/posts\/288787\/revisions"}],"predecessor-version":[{"id":288793,"href":"https:\/\/archive.sana.sy\/tr\/index.php?rest_route=\/wp\/v2\/posts\/288787\/revisions\/288793"}],"wp:featuredmedia":[{"embeddable":true,"href":"https:\/\/archive.sana.sy\/tr\/index.php?rest_route=\/wp\/v2\/media\/288788"}],"wp:attachment":[{"href":"https:\/\/archive.sana.sy\/tr\/index.php?rest_route=%2Fwp%2Fv2%2Fmedia&parent=288787"}],"wp:term":[{"taxonomy":"category","embeddable":true,"href":"https:\/\/archive.sana.sy\/tr\/index.php?rest_route=%2Fwp%2Fv2%2Fcategories&post=288787"},{"taxonomy":"post_tag","embeddable":true,"href":"https:\/\/archive.sana.sy\/tr\/index.php?rest_route=%2Fwp%2Fv2%2Ftags&post=288787"}],"curies":[{"name":"wp","href":"https:\/\/api.w.org\/{rel}","templated":true}]}}