{"id":2889,"date":"2014-06-12T14:59:21","date_gmt":"2014-06-12T11:59:21","guid":{"rendered":"http:\/\/sanasyria.org\/tr\/?p=2889"},"modified":"2016-01-23T15:58:48","modified_gmt":"2016-01-23T13:58:48","slug":"kahramanlarimiz-tekfirci-terore-hezimet-ustune-hezimet-yasatiyorlar","status":"publish","type":"post","link":"https:\/\/archive.sana.sy\/tr\/?p=2889","title":{"rendered":"Kahramanlar\u0131m\u0131z Tekfirci Ter\u00f6re Hezimet \u00dcst\u00fcne Hezimet Ya\u015fat\u0131yorlar"},"content":{"rendered":"<p><span style=\"color: #800000\">\u0130LLER \u2013<\/span>\u00a0\u00dclkeyi kara bir bulut gibi kaplamaya \u00e7al\u0131\u015fan silahl\u0131 ter\u00f6r gruplar\u0131na kar\u015f\u0131 muazzam ba\u015far\u0131lar sa\u011flayan kahraman birliklerimiz, vatan topraklar\u0131n\u0131 bir g\u00fcne\u015f gibi ayd\u0131nlat\u0131yor, ter\u00f6re ve destek\u00e7ilerine hezimet \u00fcst\u00fcne hezimet ya\u015fat\u0131yorlar.<\/p>\n<p><span style=\"color: #0000ff\">Homs K\u0131rsal\u0131nda Yuvalar\u0131 \u0130mha Ediliyor<\/span><\/p>\n<p>Askeri kaynak ordu birliklerimizin Homs k\u0131rsal\u0131n\u0131n Um \u015ear\u015fuh, Gacer, Resten, Ayn H\u00fcseyin, Amiriye, Kiysin, Burc Kai, Sahric, Crad, Sultaniye ve Bat\u0131 Selam b\u00f6lgelerinde tekfirci ve hain ter\u00f6r gruplar\u0131na ait bir\u00e7ok yuva ve k\u00fcmelenme yerlerini muhtevalar\u0131yla imha ettiklerini belirtti.<\/p>\n<p>Kaynak operasyonlarda onlarca ter\u00f6ristin ara\u00e7lar\u0131yla birlikte etkisiz hale getirildi\u011fini aktard\u0131.<\/p>\n<p><span style=\"color: #0000ff\">Hama K\u0131rsal\u0131nda Onlarca Ter\u00f6rist \u00d6l\u00fc Yaral\u0131 D\u00fc\u015f\u00fcr\u00fcld\u00fc<\/span><\/p>\n<p>Ordu birliklerimiz Hama k\u0131rsal\u0131n\u0131n Hneyta, Hakkiye, Resm el Able ve Ar\u015funa b\u00f6lgelerinde ter\u00f6ristlerin k\u00fcmelenme yerlerini hedef alarak onlarcas\u0131n\u0131 silah ve ara\u00e7lar\u0131yla etkisiz hale getirdi.<\/p>\n<p><span style=\"color: #0000ff\">Halep K\u0131rsal\u0131nda Ara\u00e7lar\u0131 \u0130mha Edildi<\/span><\/p>\n<p>Halep ve k\u0131rsal\u0131n\u0131n Cdeyde, Seyh Saad, Kefar Naha, Haz\u0131r, \u015eeyh Lutfi, Uveyca, \u0130nzarat, Abtiyn ve Kefar Abih b\u00f6lgelerinde ter\u00f6ristlerin k\u00fcmelenme yerleri ve karargahlar\u0131n\u0131 nitelikli operasyonlarla hedef alan ordu birliklerimiz aralar\u0131nda yabanc\u0131lar\u0131n bulundu\u011fu \u00e7ok say\u0131da ter\u00f6risti \u00f6l\u00fc yaral\u0131 d\u00fc\u015f\u00fcrd\u00fc.<\/p>\n<p>Ordu birliklerimiz Ancara, Kefar Naha, Han el Asel ve Hreytan b\u00f6lgelerinde ise ter\u00f6rist ve cephane ta\u015f\u0131yan bir \u00e7ok arac\u0131 imha etti.<\/p>\n<p><span style=\"color: #0000ff\">\u0130dlib K\u0131rsal\u0131nda Geneli Yabanc\u0131 Olan Ter\u00f6ristler \u00d6ld\u00fcr\u00fcld\u00fc<\/span><\/p>\n<p>Vatan koruyucular\u0131 ordu birliklerimiz \u0130dlib k\u0131rsal\u0131n\u0131n Maartamsarin B\u00f6lgesinin kuzeybat\u0131s\u0131nda ter\u00f6ristlere ait bir karargah\u0131 muhtevalar\u0131yla imha ederek, i\u00e7inde bulunan ve geneli yabanc\u0131 olan \u00e7ok say\u0131da ter\u00f6risti etkisiz hale getirdi.<\/p>\n<p>Ordu birliklerimiz yine \u0130dlib k\u0131rsal\u0131nda Tel Mennig \u2013 el Muarra karayolu \u00fczerinde a\u011f\u0131r makineli silahlarla donat\u0131lm\u0131\u015f 3 arac\u0131 beraberlerindeki t\u00fcm ter\u00f6ristlerle birlikte etkisiz hale getirdi.<\/p>\n<p><span style=\"color: #0000ff\">Rakka K\u0131rsal\u0131nda B\u00fcy\u00fck Kay\u0131plar Verdile<\/span>r<\/p>\n<p>Askeri bir kaynak ordu birliklerimizin Rakka k\u0131rsal\u0131nda 20 ter\u00f6risti etkisiz hale getirdi\u011fini belirtti.<\/p>\n<p>Kaynak nitelikli operasyonda ter\u00f6ristlerin kulland\u0131klar\u0131 u\u00e7aksavarla donat\u0131lm\u0131\u015f 3 arac\u0131n yan\u0131 s\u0131ra b\u00fcy\u00fck miktarda patlay\u0131c\u0131 ile havaya u\u00e7urulmak \u00fczere haz\u0131rlanm\u0131\u015f bir dozeri imha ettiklerini aktard\u0131. Ayn\u0131 zamanda ter\u00f6ristlerin havzalar\u0131nda bulunan \u00e7ok say\u0131da uzun namlulu sava\u015f silah\u0131 ve RPG roket atarlar\u0131 ele ge\u00e7irdi\u011fini ifade etti.<\/p>\n","protected":false},"excerpt":{"rendered":"<p>\u0130LLER \u2013\u00a0\u00dclkeyi kara bir bulut gibi kaplamaya \u00e7al\u0131\u015fan silahl\u0131 ter\u00f6r gruplar\u0131na kar\u015f\u0131 muazzam ba\u015far\u0131lar sa\u011flayan kahraman birliklerimiz, vatan topraklar\u0131n\u0131 bir g\u00fcne\u015f gibi ayd\u0131nlat\u0131yor, ter\u00f6re ve destek\u00e7ilerine hezimet \u00fcst\u00fcne hezimet ya\u015fat\u0131yorlar. Homs K\u0131rsal\u0131nda Yuvalar\u0131 \u0130mha Ediliyor Askeri kaynak ordu birliklerimizin Homs k\u0131rsal\u0131n\u0131n Um \u015ear\u015fuh, Gacer, Resten, Ayn H\u00fcseyin, Amiriye, Kiysin, Burc Kai, Sahric, Crad, Sultaniye ve &hellip;<\/p>\n","protected":false},"author":1,"featured_media":2955,"comment_status":"closed","ping_status":"closed","sticky":false,"template":"","format":"standard","meta":{"footnotes":""},"categories":[479,575,478],"tags":[644],"class_list":["post-2889","post","type-post","status-publish","format-standard","has-post-thumbnail","","category-haberler-yerel","category-olaylar-ve-gercekler","category-yerel","tag-kahramanlarimiz-tekfirci-terore-hezimet-ustune-hezimet-yasatiyorlar"],"_links":{"self":[{"href":"https:\/\/archive.sana.sy\/tr\/index.php?rest_route=\/wp\/v2\/posts\/2889","targetHints":{"allow":["GET"]}}],"collection":[{"href":"https:\/\/archive.sana.sy\/tr\/index.php?rest_route=\/wp\/v2\/posts"}],"about":[{"href":"https:\/\/archive.sana.sy\/tr\/index.php?rest_route=\/wp\/v2\/types\/post"}],"author":[{"embeddable":true,"href":"https:\/\/archive.sana.sy\/tr\/index.php?rest_route=\/wp\/v2\/users\/1"}],"replies":[{"embeddable":true,"href":"https:\/\/archive.sana.sy\/tr\/index.php?rest_route=%2Fwp%2Fv2%2Fcomments&post=2889"}],"version-history":[{"count":0,"href":"https:\/\/archive.sana.sy\/tr\/index.php?rest_route=\/wp\/v2\/posts\/2889\/revisions"}],"wp:featuredmedia":[{"embeddable":true,"href":"https:\/\/archive.sana.sy\/tr\/index.php?rest_route=\/wp\/v2\/media\/2955"}],"wp:attachment":[{"href":"https:\/\/archive.sana.sy\/tr\/index.php?rest_route=%2Fwp%2Fv2%2Fmedia&parent=2889"}],"wp:term":[{"taxonomy":"category","embeddable":true,"href":"https:\/\/archive.sana.sy\/tr\/index.php?rest_route=%2Fwp%2Fv2%2Fcategories&post=2889"},{"taxonomy":"post_tag","embeddable":true,"href":"https:\/\/archive.sana.sy\/tr\/index.php?rest_route=%2Fwp%2Fv2%2Ftags&post=2889"}],"curies":[{"name":"wp","href":"https:\/\/api.w.org\/{rel}","templated":true}]}}