{"id":28895,"date":"2015-04-07T13:42:01","date_gmt":"2015-04-07T10:42:01","guid":{"rendered":"http:\/\/www.sana.sy\/tr\/?p=28895"},"modified":"2015-04-07T14:03:51","modified_gmt":"2015-04-07T11:03:51","slug":"misyafa-gelen-ailelerin-cocuklarina-elbise-dagitildi","status":"publish","type":"post","link":"https:\/\/archive.sana.sy\/tr\/?p=28895","title":{"rendered":"Misyaf\u2019a Gelen Ailelerin \u00c7ocuklar\u0131na Elbise Da\u011f\u0131t\u0131ld\u0131"},"content":{"rendered":"<p>HAMA \u2013 Ter\u00f6rist \u00f6rg\u00fctlerin sald\u0131r\u0131lar\u0131 sonucunda evlerinden olan ve g\u00f6\u00e7 eden ailelerin ac\u0131lar\u0131n\u0131n hafifletilmesi amac\u0131yla Misyaf Hay\u0131r Cemiyeti, BM \u00f6rg\u00fct\u00fc UN\u0130CEF i\u015fbirli\u011fi ile s\u00f6z konusu ailelerin \u00e7ocuklar\u0131na 1500 par\u00e7a elbise da\u011f\u0131tmaya ba\u015flad\u0131.<\/p>\n<p>Cemiyet ba\u015fkan\u0131 Ahmet D\u00fcrzi SANA muhabirine a\u00e7\u0131klamas\u0131nda, , Cemiyet\u2019in ge\u00e7en iki g\u00fcn i\u00e7erisinde kentte bulunan ve yard\u0131ma muhta\u00e7 ailelere 4000 battaniye ve 2500 ya\u011fmurlu\u011fun da\u011f\u0131t\u0131ld\u0131\u011f\u0131na i\u015faret etti.<\/p>\n<p>Cemiyet ge\u00e7en hafta i\u00e7erisinde de Misyaf kentine g\u00f6\u00e7 etmi\u015f ailelere 3 binden fazla g\u0131da sepeti da\u011f\u0131tt\u0131.<br \/>\nS.\u015e. &#8211; R.H.<\/p>\n","protected":false},"excerpt":{"rendered":"<p>HAMA \u2013 Ter\u00f6rist \u00f6rg\u00fctlerin sald\u0131r\u0131lar\u0131 sonucunda evlerinden olan ve g\u00f6\u00e7 eden ailelerin ac\u0131lar\u0131n\u0131n hafifletilmesi amac\u0131yla Misyaf Hay\u0131r Cemiyeti, BM \u00f6rg\u00fct\u00fc UN\u0130CEF i\u015fbirli\u011fi ile s\u00f6z konusu ailelerin \u00e7ocuklar\u0131na 1500 par\u00e7a elbise da\u011f\u0131tmaya ba\u015flad\u0131. Cemiyet ba\u015fkan\u0131 Ahmet D\u00fcrzi SANA muhabirine a\u00e7\u0131klamas\u0131nda, , Cemiyet\u2019in ge\u00e7en iki g\u00fcn i\u00e7erisinde kentte bulunan ve yard\u0131ma muhta\u00e7 ailelere 4000 battaniye ve 2500 &hellip;<\/p>\n","protected":false},"author":1,"featured_media":28896,"comment_status":"closed","ping_status":"closed","sticky":false,"template":"","format":"standard","meta":{"footnotes":""},"categories":[526,479,575,525,478],"tags":[13352,13351],"class_list":["post-28895","post","type-post","status-publish","format-standard","has-post-thumbnail","","category-haber-ve-raporlar","category-haberler-yerel","category-olaylar-ve-gercekler","category-toplum","category-yerel","tag-bm-orgutu-unicef-isbirligi-ile-soz-konusu-ailelerin-cocuklarina-1500-parca-elbise-dagitmaya-basladi","tag-misyafa-gelen-ailelerin-cocuklarina-elbise-dagitildi-hama-terorist-orgutlerin-saldirilari-sonucunda-evlerinden-olan-ve-goc-eden-ailelerin-acilarinin-hafifletilmesi-amaciyla-misyaf-h"],"_links":{"self":[{"href":"https:\/\/archive.sana.sy\/tr\/index.php?rest_route=\/wp\/v2\/posts\/28895","targetHints":{"allow":["GET"]}}],"collection":[{"href":"https:\/\/archive.sana.sy\/tr\/index.php?rest_route=\/wp\/v2\/posts"}],"about":[{"href":"https:\/\/archive.sana.sy\/tr\/index.php?rest_route=\/wp\/v2\/types\/post"}],"author":[{"embeddable":true,"href":"https:\/\/archive.sana.sy\/tr\/index.php?rest_route=\/wp\/v2\/users\/1"}],"replies":[{"embeddable":true,"href":"https:\/\/archive.sana.sy\/tr\/index.php?rest_route=%2Fwp%2Fv2%2Fcomments&post=28895"}],"version-history":[{"count":0,"href":"https:\/\/archive.sana.sy\/tr\/index.php?rest_route=\/wp\/v2\/posts\/28895\/revisions"}],"wp:featuredmedia":[{"embeddable":true,"href":"https:\/\/archive.sana.sy\/tr\/index.php?rest_route=\/wp\/v2\/media\/28896"}],"wp:attachment":[{"href":"https:\/\/archive.sana.sy\/tr\/index.php?rest_route=%2Fwp%2Fv2%2Fmedia&parent=28895"}],"wp:term":[{"taxonomy":"category","embeddable":true,"href":"https:\/\/archive.sana.sy\/tr\/index.php?rest_route=%2Fwp%2Fv2%2Fcategories&post=28895"},{"taxonomy":"post_tag","embeddable":true,"href":"https:\/\/archive.sana.sy\/tr\/index.php?rest_route=%2Fwp%2Fv2%2Ftags&post=28895"}],"curies":[{"name":"wp","href":"https:\/\/api.w.org\/{rel}","templated":true}]}}