{"id":288984,"date":"2023-09-28T16:17:02","date_gmt":"2023-09-28T13:17:02","guid":{"rendered":"https:\/\/sana.sy\/tr\/?p=288984"},"modified":"2023-09-29T08:51:11","modified_gmt":"2023-09-29T05:51:11","slug":"boksor-ahmed-gasun-yarin-asya-oyunlarinda-guney-kore-sampiyonuyla-karsilasma-hazirliklarina-devam-ediyor","status":"publish","type":"post","link":"https:\/\/archive.sana.sy\/tr\/?p=288984","title":{"rendered":"Boks\u00f6r Ahmed Gasun, Yar\u0131n Asya Oyunlar\u0131&#8217;nda G\u00fcney Kore \u015eampiyonuyla Kar\u015f\u0131la\u015fma Haz\u0131rl\u0131klar\u0131na Devam Ediyor"},"content":{"rendered":"<p style=\"text-align: justify;\"><strong>\u00c7\u0130N \/ KHANJO 28 EYL\u00dcL (SANA)<\/strong> &#8211; Boks\u00f6r Ahmed Gasun, yar\u0131n Asya Oyunlar\u0131&#8217;nda G\u00fcney Kore \u015fampiyonuyla kar\u015f\u0131la\u015fma haz\u0131rl\u0131klar\u0131na devam ediyor.<\/p>\n<p style=\"text-align: justify;\">Antren\u00f6r Hussein Ghosun, G\u00fcney Koreli boks\u00f6rle kar\u015f\u0131la\u015fmadan \u00f6nce antrenman seanslar\u0131n\u0131 fiziksel kondisyonun ve zihinsel sa\u011fl\u0131\u011f\u0131n iyile\u015ftirilmesine odakl\u0131yor.<\/p>\n<p style=\"text-align: justify;\">Bu ba\u011flamda atletizm oyuncusu Mecd Eddin Gazal, elemeleri \u00f6n\u00fcm\u00fczdeki Ekim ay\u0131n\u0131n 2&#8217;si Pazartesi g\u00fcn\u00fc erken saatlerde yap\u0131lacak y\u00fcksek atlama yar\u0131\u015fmas\u0131na kat\u0131lmak i\u00e7in antren\u00f6r\u00fc Mohamed Mehlef g\u00f6zetiminde haz\u0131rl\u0131klar\u0131na ba\u015flad\u0131.<\/p>\n<p style=\"text-align: justify;\"><a href=\"https:\/\/t.me\/SuriyeArapHaberAjansI\">Telegram Kanal\u0131m\u0131z\u00a0<\/a><\/p>\n<p style=\"text-align: justify;\"><a href=\"https:\/\/www.facebook.com\/SANAHaberAjansi\/\">Facebook Sayfam\u0131z<\/a><\/p>\n<p style=\"text-align: justify;\"><a href=\"https:\/\/twitter.com\/arap_ajans\">Twitter Hesab\u0131m\u0131z<\/a><\/p>\n","protected":false},"excerpt":{"rendered":"<p>\u00c7\u0130N \/ KHANJO 28 EYL\u00dcL (SANA) &#8211; Boks\u00f6r Ahmed Gasun, yar\u0131n Asya Oyunlar\u0131&#8217;nda G\u00fcney Kore \u015fampiyonuyla kar\u015f\u0131la\u015fma haz\u0131rl\u0131klar\u0131na devam ediyor. Antren\u00f6r Hussein Ghosun, G\u00fcney Koreli boks\u00f6rle kar\u015f\u0131la\u015fmadan \u00f6nce antrenman seanslar\u0131n\u0131 fiziksel kondisyonun ve zihinsel sa\u011fl\u0131\u011f\u0131n iyile\u015ftirilmesine odakl\u0131yor. Bu ba\u011flamda atletizm oyuncusu Mecd Eddin Gazal, elemeleri \u00f6n\u00fcm\u00fczdeki Ekim ay\u0131n\u0131n 2&#8217;si Pazartesi g\u00fcn\u00fc erken saatlerde yap\u0131lacak y\u00fcksek &hellip;<\/p>\n","protected":false},"author":41,"featured_media":288985,"comment_status":"closed","ping_status":"closed","sticky":false,"template":"","format":"standard","meta":{"footnotes":""},"categories":[458,498,459,17988,496],"tags":[39918,39919],"class_list":["post-288984","post","type-post","status-publish","format-standard","has-post-thumbnail","","category-dunya1","category-dunya-turnuvalari","category-haberler-arap-uluslararasi-politika","category-son-haberler","category-spor","tag-boksor-ahmed-gasun","tag-yarin-asya-oyunlarinda-guney-kore-sampiyonuyla-karsilasma-hazirliklarina-devam-ediyor"],"_links":{"self":[{"href":"https:\/\/archive.sana.sy\/tr\/index.php?rest_route=\/wp\/v2\/posts\/288984","targetHints":{"allow":["GET"]}}],"collection":[{"href":"https:\/\/archive.sana.sy\/tr\/index.php?rest_route=\/wp\/v2\/posts"}],"about":[{"href":"https:\/\/archive.sana.sy\/tr\/index.php?rest_route=\/wp\/v2\/types\/post"}],"author":[{"embeddable":true,"href":"https:\/\/archive.sana.sy\/tr\/index.php?rest_route=\/wp\/v2\/users\/41"}],"replies":[{"embeddable":true,"href":"https:\/\/archive.sana.sy\/tr\/index.php?rest_route=%2Fwp%2Fv2%2Fcomments&post=288984"}],"version-history":[{"count":4,"href":"https:\/\/archive.sana.sy\/tr\/index.php?rest_route=\/wp\/v2\/posts\/288984\/revisions"}],"predecessor-version":[{"id":288998,"href":"https:\/\/archive.sana.sy\/tr\/index.php?rest_route=\/wp\/v2\/posts\/288984\/revisions\/288998"}],"wp:featuredmedia":[{"embeddable":true,"href":"https:\/\/archive.sana.sy\/tr\/index.php?rest_route=\/wp\/v2\/media\/288985"}],"wp:attachment":[{"href":"https:\/\/archive.sana.sy\/tr\/index.php?rest_route=%2Fwp%2Fv2%2Fmedia&parent=288984"}],"wp:term":[{"taxonomy":"category","embeddable":true,"href":"https:\/\/archive.sana.sy\/tr\/index.php?rest_route=%2Fwp%2Fv2%2Fcategories&post=288984"},{"taxonomy":"post_tag","embeddable":true,"href":"https:\/\/archive.sana.sy\/tr\/index.php?rest_route=%2Fwp%2Fv2%2Ftags&post=288984"}],"curies":[{"name":"wp","href":"https:\/\/api.w.org\/{rel}","templated":true}]}}