{"id":288991,"date":"2023-09-28T16:57:24","date_gmt":"2023-09-28T13:57:24","guid":{"rendered":"https:\/\/www.sana.sy\/tr\/?p=288991"},"modified":"2023-10-01T13:05:09","modified_gmt":"2023-10-01T10:05:09","slug":"rusya-savunmasi-bir-ukrayna-savas-ucagini-ve-26-ihasini-dusurduk","status":"publish","type":"post","link":"https:\/\/archive.sana.sy\/tr\/?p=288991","title":{"rendered":"Rusya Savunmas\u0131: Bir Ukrayna Sava\u015f U\u00e7a\u011f\u0131n\u0131, 26 \u0130HA\u2019s\u0131n\u0131 D\u00fc\u015f\u00fcrd\u00fck"},"content":{"rendered":"<p style=\"text-align: justify;\"><strong>MOSKOVA 28 EYL\u00dcL (SANA)<\/strong> \u2013 Rusya Savunma Bakanl\u0131\u011f\u0131 bug\u00fcn yapt\u0131\u011f\u0131 a\u00e7\u0131klamada, Rus ordusunun Kiev g\u00fc\u00e7lerinin t\u00fcm sald\u0131r\u0131lar\u0131n\u0131 engelledi\u011fini, \u00f6n cephedeki mevzilerini g\u00fc\u00e7lendirdi\u011fini, ayr\u0131ca Kiev g\u00fc\u00e7lerine b\u00fcy\u00fck can ve te\u00e7hizat kayb\u0131 ya\u015fatt\u0131\u011f\u0131n\u0131 duyurdu.<\/p>\n<p style=\"text-align: justify;\">Bakanl\u0131k, \u00f6zel askeri operasyonun y\u00fcr\u00fct\u00fclmesine ili\u015fkin g\u00fcnl\u00fck a\u00e7\u0131klamas\u0131nda, \u2018\u2019Rus hava savunmas\u0131 Ukrayna&#8217;ya ait bir Su-25 sava\u015f u\u00e7a\u011f\u0131n\u0131 ve 26 insans\u0131z hava arac\u0131n\u0131 d\u00fc\u015f\u00fcrd\u00fc. Ge\u00e7ti\u011fimiz g\u00fcn Kiev g\u00fc\u00e7lerinin Amerikan Himars sisteminden f\u0131rlatt\u0131\u011f\u0131 4 f\u00fczeyi yakalad\u0131\u2019\u2019 dedi.<\/p>\n<p style=\"text-align: justify;\">A\u00e7\u0131klamada ayr\u0131ca \u015fu ifadelere yer verildi:<img decoding=\"async\" class=\"alignright\" src=\"http:\/\/sana.sy\/wp-content\/uploads\/2023\/09\/%D8%A7%D9%84%D8%B9%D9%85%D9%84%D9%8A%D8%A9-%D8%A7%D9%84%D8%B9%D8%B3%D9%83%D8%B1%D9%8A%D8%A9-%D8%A7%D9%84%D8%B1%D9%88%D8%B3%D9%8A%D8%A9-%D8%A7%D9%84%D8%AE%D8%A7%D8%B5%D8%A9-JPG-1-1-300x169.jpg\" \/><\/p>\n<p style=\"text-align: justify;\"><strong><span style=\"color: #0000ff;\">Donetsk ekseninde:<\/span> <\/strong><\/p>\n<p style=\"text-align: justify;\">Ukrayna kuvvetleri a\u011f\u0131r kay\u0131plar verdi, 190 Ukraynal\u0131 asker imha edildi, \u00e7ok say\u0131da askeri ara\u00e7 ve ara\u00e7 imha edildi.<\/p>\n<p style=\"text-align: justify;\"><span style=\"color: #0000ff;\"><strong>Zaporozhye Ekseninde:<\/strong><\/span><\/p>\n<p style=\"text-align: justify;\">\u00a0Rus kuvvetleri, Ukrayna ordusunun sald\u0131r\u0131 giri\u015fimlerini engelledi ve 45 askeri ortadan kald\u0131rmay\u0131 ba\u015fard\u0131.<\/p>\n<p style=\"text-align: justify;\"><strong><span style=\"color: #0000ff;\">G\u00fcney Donetsk ekseninde:<img decoding=\"async\" class=\"alignright\" src=\"http:\/\/sana.sy\/wp-content\/uploads\/2023\/09\/%D8%A7%D9%84%D8%B9%D9%85%D9%84%D9%8A%D8%A9-%D8%A7%D9%84%D8%B9%D8%B3%D9%83%D8%B1%D9%8A%D8%A9-%D8%A7%D9%84%D8%B1%D9%88%D8%B3%D9%8A%D8%A9-%D8%A7%D9%84%D8%AE%D8%A7%D8%B5%D8%A9-JPG-1-2-300x169.jpg\" \/><\/span> <\/strong><\/p>\n<p style=\"text-align: justify;\">\u00a0Krasny-Limansk ekseninde 100&#8217;den fazla Ukraynal\u0131 asker ve 60 asker imha edildi.<\/p>\n<p style=\"text-align: justify;\"><strong><span style=\"color: #0000ff;\">Kubyansk ekseninde:<\/span> <\/strong><\/p>\n<p style=\"text-align: justify;\">\u00a0 Kharkov Eyaleti&#8217;nde Rus kuvvetleri, yakla\u015f\u0131k 50 Ukraynal\u0131 askeri ortadan kald\u0131rmay\u0131 ve \u00e7ok say\u0131da askeri ara\u00e7 ve arac\u0131 imha etmeyi ba\u015fard\u0131.<\/p>\n<p style=\"text-align: justify;\"><span style=\"color: #0000ff;\"><strong>Kherson ekseninde:<\/strong><\/span><\/p>\n<p style=\"text-align: justify;\">Ukrayna kuvvetlerinin kay\u0131plar\u0131 yakla\u015f\u0131k 20 askere ula\u015ft\u0131.<\/p>\n<p><a href=\"https:\/\/t.me\/SuriyeArapHaberAjansI\">Telegram Kanal\u0131m\u0131z\u00a0<\/a><\/p>\n<p><a href=\"https:\/\/www.facebook.com\/SANAHaberAjansi\/\">Facebook Sayfam\u0131z<\/a><\/p>\n<p><a href=\"https:\/\/twitter.com\/arap_ajans\">Twitter Hesab\u0131m\u0131z<\/a><\/p>\n","protected":false},"excerpt":{"rendered":"<p>MOSKOVA 28 EYL\u00dcL (SANA) \u2013 Rusya Savunma Bakanl\u0131\u011f\u0131 bug\u00fcn yapt\u0131\u011f\u0131 a\u00e7\u0131klamada, Rus ordusunun Kiev g\u00fc\u00e7lerinin t\u00fcm sald\u0131r\u0131lar\u0131n\u0131 engelledi\u011fini, \u00f6n cephedeki mevzilerini g\u00fc\u00e7lendirdi\u011fini, ayr\u0131ca Kiev g\u00fc\u00e7lerine b\u00fcy\u00fck can ve te\u00e7hizat kayb\u0131 ya\u015fatt\u0131\u011f\u0131n\u0131 duyurdu. Bakanl\u0131k, \u00f6zel askeri operasyonun y\u00fcr\u00fct\u00fclmesine ili\u015fkin g\u00fcnl\u00fck a\u00e7\u0131klamas\u0131nda, \u2018\u2019Rus hava savunmas\u0131 Ukrayna&#8217;ya ait bir Su-25 sava\u015f u\u00e7a\u011f\u0131n\u0131 ve 26 insans\u0131z hava arac\u0131n\u0131 d\u00fc\u015f\u00fcrd\u00fc. &hellip;<\/p>\n","protected":false},"author":41,"featured_media":288992,"comment_status":"closed","ping_status":"closed","sticky":false,"template":"","format":"standard","meta":{"footnotes":""},"categories":[458,459,17988],"tags":[39920],"class_list":["post-288991","post","type-post","status-publish","format-standard","has-post-thumbnail","","category-dunya1","category-haberler-arap-uluslararasi-politika","category-son-haberler","tag-rusya-savunmasi-bir-ukrayna-savas-ucagini-ve-26-ihasini-dusurduk"],"_links":{"self":[{"href":"https:\/\/archive.sana.sy\/tr\/index.php?rest_route=\/wp\/v2\/posts\/288991","targetHints":{"allow":["GET"]}}],"collection":[{"href":"https:\/\/archive.sana.sy\/tr\/index.php?rest_route=\/wp\/v2\/posts"}],"about":[{"href":"https:\/\/archive.sana.sy\/tr\/index.php?rest_route=\/wp\/v2\/types\/post"}],"author":[{"embeddable":true,"href":"https:\/\/archive.sana.sy\/tr\/index.php?rest_route=\/wp\/v2\/users\/41"}],"replies":[{"embeddable":true,"href":"https:\/\/archive.sana.sy\/tr\/index.php?rest_route=%2Fwp%2Fv2%2Fcomments&post=288991"}],"version-history":[{"count":2,"href":"https:\/\/archive.sana.sy\/tr\/index.php?rest_route=\/wp\/v2\/posts\/288991\/revisions"}],"predecessor-version":[{"id":288997,"href":"https:\/\/archive.sana.sy\/tr\/index.php?rest_route=\/wp\/v2\/posts\/288991\/revisions\/288997"}],"wp:featuredmedia":[{"embeddable":true,"href":"https:\/\/archive.sana.sy\/tr\/index.php?rest_route=\/wp\/v2\/media\/288992"}],"wp:attachment":[{"href":"https:\/\/archive.sana.sy\/tr\/index.php?rest_route=%2Fwp%2Fv2%2Fmedia&parent=288991"}],"wp:term":[{"taxonomy":"category","embeddable":true,"href":"https:\/\/archive.sana.sy\/tr\/index.php?rest_route=%2Fwp%2Fv2%2Fcategories&post=288991"},{"taxonomy":"post_tag","embeddable":true,"href":"https:\/\/archive.sana.sy\/tr\/index.php?rest_route=%2Fwp%2Fv2%2Ftags&post=288991"}],"curies":[{"name":"wp","href":"https:\/\/api.w.org\/{rel}","templated":true}]}}