{"id":289004,"date":"2023-09-28T18:46:04","date_gmt":"2023-09-28T15:46:04","guid":{"rendered":"https:\/\/sana.sy\/tr\/?p=289004"},"modified":"2023-10-01T13:05:13","modified_gmt":"2023-10-01T10:05:13","slug":"suriye-cindeki-dokuzuncu-dunya-medeniyetleri-forumuna-katildi","status":"publish","type":"post","link":"https:\/\/archive.sana.sy\/tr\/?p=289004","title":{"rendered":"Suriye, \u00c7in&#8217;deki Dokuzuncu D\u00fcnya Medeniyetleri Forumu&#8217;na Kat\u0131ld\u0131"},"content":{"rendered":"<p style=\"text-align: justify;\"><strong>PEK\u0130N 28 EYL\u00dcL (SANA)<\/strong> &#8211; Suriye, \u00c7in&#8217;in Shandong Eyaleti&#8217;nin Qufu \u015fehrinde d\u00fczenlenen &#8220;M\u00fczeler&#8230;ge\u00e7mi\u015f, bug\u00fcn ve gelecek aras\u0131nda bir k\u00f6pr\u00fc&#8221; ba\u015fl\u0131kl\u0131 Dokuzuncu Nishan D\u00fcnya Medeniyetleri Forumu&#8217;nun m\u00fczeler alt forumuna kat\u0131ld\u0131.<\/p>\n<p style=\"text-align: justify;\">Forumda \u015eam Ulusal M\u00fczesi&#8217;nin k\u00fcrat\u00f6r\u00fc ara\u015ft\u0131rmac\u0131 Dr. Rima Havvam, &#8220;\u015eam&#8217;daki Ulusal M\u00fcze&#8230; Uluslararas\u0131 Sergilerin \u00d6nemi&#8221; ba\u015fl\u0131kl\u0131 bir konferans verdi. Konferas\u0131nda Dr. Havvam Afrika k\u0131tas\u0131 ile Avrupa k\u0131tas\u0131n\u0131n kesi\u015fme noktas\u0131nda yer alan Suriye&#8217;nin tarihini ve co\u011frafi konumunu de\u011ferlendirdi.<img decoding=\"async\" class=\"alignright\" src=\"http:\/\/sana.sy\/wp-content\/uploads\/2023\/09\/photo_2023-09-28_16-18-07-300x179.jpg\" \/><\/p>\n<p style=\"text-align: justify;\">Dr. Havvam ayr\u0131ca, Suriye&#8217;nin, UNESCO D\u00fcnya Miras\u0131 Listesi&#8217;nde yer alan 6 alan da dahil olmak \u00fczere 2.865 kay\u0131tl\u0131 ve belgelenmi\u015f alan olmak \u00fczere say\u0131s\u0131 5.000&#8217;i a\u015fan \u00e7ok say\u0131da arkeolojik alan\u0131 b\u00fcnyesinde bar\u0131nd\u0131ran \u00fclkelerden biri olarak bilindi\u011fini belirtti.<\/p>\n<p style=\"text-align: justify;\">Suriye uygarl\u0131klar\u0131na ait hazinelerin \u00fclke \u00e7ap\u0131nda 40&#8217;tan fazla m\u00fczede korundu\u011funu, de\u011ferli ve nadir olarak kabul edildi\u011fini, geleneksel Suriye k\u00fclt\u00fcr\u00fcn\u00fcn bir\u00e7ok unsurunu ve \u00fclke geneline yay\u0131lm\u0131\u015f k\u00fclt\u00fcr birikimlerini \u00f6rt\u00fc\u015ft\u00fc\u011f\u00fcn\u00fc kaydeden Havvam, &#8221;\u201c2018 y\u0131l\u0131nda \u00fclkede g\u00fcvenli\u011fin istikrara kavu\u015fturulmas\u0131n\u0131n ard\u0131ndan Eski Eserler ve M\u00fczeler Genel M\u00fcd\u00fcrl\u00fc\u011f\u00fc, yerel halkla yeniden ba\u011flant\u0131 kurmak amac\u0131yla Ulusal M\u00fcze&#8217;de \u201cKlasik B\u00f6l\u00fcm\u201d ad\u0131nda bir b\u00f6l\u00fcm a\u00e7mak i\u00e7in \u00e7al\u0131\u015ft\u0131&#8221; dedi.<\/p>\n<p style=\"text-align: justify;\">Dr. Havvam, m\u00fczelerin imaj\u0131n\u0131 uluslararas\u0131 d\u00fczeyde g\u00fc\u00e7lendirmenin \u00f6nemine ve farkl\u0131 topluluklar\u0131n kat\u0131l\u0131m\u0131yla k\u00fclt\u00fcr\u00fcn yay\u0131lmas\u0131ndaki rollerine vurgu yaparak konu\u015fmas\u0131n\u0131 tamamlad\u0131.<\/p>\n<p><a href=\"https:\/\/t.me\/SuriyeArapHaberAjansI\">Telegram Kanal\u0131m\u0131z\u00a0<\/a><\/p>\n<p><a href=\"https:\/\/www.facebook.com\/SANAHaberAjansi\/\">Facebook Sayfam\u0131z<\/a><\/p>\n<p><a href=\"https:\/\/twitter.com\/arap_ajans\">Twitter Hesab\u0131m\u0131z<\/a><\/p>\n","protected":false},"excerpt":{"rendered":"<p>PEK\u0130N 28 EYL\u00dcL (SANA) &#8211; Suriye, \u00c7in&#8217;in Shandong Eyaleti&#8217;nin Qufu \u015fehrinde d\u00fczenlenen &#8220;M\u00fczeler&#8230;ge\u00e7mi\u015f, bug\u00fcn ve gelecek aras\u0131nda bir k\u00f6pr\u00fc&#8221; ba\u015fl\u0131kl\u0131 Dokuzuncu Nishan D\u00fcnya Medeniyetleri Forumu&#8217;nun m\u00fczeler alt forumuna kat\u0131ld\u0131. Forumda \u015eam Ulusal M\u00fczesi&#8217;nin k\u00fcrat\u00f6r\u00fc ara\u015ft\u0131rmac\u0131 Dr. Rima Havvam, &#8220;\u015eam&#8217;daki Ulusal M\u00fcze&#8230; Uluslararas\u0131 Sergilerin \u00d6nemi&#8221; ba\u015fl\u0131kl\u0131 bir konferans verdi. Konferas\u0131nda Dr. Havvam Afrika k\u0131tas\u0131 ile Avrupa &hellip;<\/p>\n","protected":false},"author":41,"featured_media":289005,"comment_status":"closed","ping_status":"closed","sticky":false,"template":"","format":"standard","meta":{"footnotes":""},"categories":[458,498,459,17988],"tags":[39922,16591],"class_list":["post-289004","post","type-post","status-publish","format-standard","has-post-thumbnail","","category-dunya1","category-dunya-turnuvalari","category-haberler-arap-uluslararasi-politika","category-son-haberler","tag-cindeki-dokuzuncu-dunya-medeniyetleri-forumuna-katildi","tag-suriye"],"_links":{"self":[{"href":"https:\/\/archive.sana.sy\/tr\/index.php?rest_route=\/wp\/v2\/posts\/289004","targetHints":{"allow":["GET"]}}],"collection":[{"href":"https:\/\/archive.sana.sy\/tr\/index.php?rest_route=\/wp\/v2\/posts"}],"about":[{"href":"https:\/\/archive.sana.sy\/tr\/index.php?rest_route=\/wp\/v2\/types\/post"}],"author":[{"embeddable":true,"href":"https:\/\/archive.sana.sy\/tr\/index.php?rest_route=\/wp\/v2\/users\/41"}],"replies":[{"embeddable":true,"href":"https:\/\/archive.sana.sy\/tr\/index.php?rest_route=%2Fwp%2Fv2%2Fcomments&post=289004"}],"version-history":[{"count":1,"href":"https:\/\/archive.sana.sy\/tr\/index.php?rest_route=\/wp\/v2\/posts\/289004\/revisions"}],"predecessor-version":[{"id":289006,"href":"https:\/\/archive.sana.sy\/tr\/index.php?rest_route=\/wp\/v2\/posts\/289004\/revisions\/289006"}],"wp:featuredmedia":[{"embeddable":true,"href":"https:\/\/archive.sana.sy\/tr\/index.php?rest_route=\/wp\/v2\/media\/289005"}],"wp:attachment":[{"href":"https:\/\/archive.sana.sy\/tr\/index.php?rest_route=%2Fwp%2Fv2%2Fmedia&parent=289004"}],"wp:term":[{"taxonomy":"category","embeddable":true,"href":"https:\/\/archive.sana.sy\/tr\/index.php?rest_route=%2Fwp%2Fv2%2Fcategories&post=289004"},{"taxonomy":"post_tag","embeddable":true,"href":"https:\/\/archive.sana.sy\/tr\/index.php?rest_route=%2Fwp%2Fv2%2Ftags&post=289004"}],"curies":[{"name":"wp","href":"https:\/\/api.w.org\/{rel}","templated":true}]}}