{"id":289007,"date":"2023-09-28T19:00:35","date_gmt":"2023-09-28T16:00:35","guid":{"rendered":"https:\/\/sana.sy\/tr\/?p=289007"},"modified":"2023-10-01T15:10:48","modified_gmt":"2023-10-01T12:10:48","slug":"cumhurbaskani-esad-ve-first-lady-esma-esad-tartustaki-daruleman-sehit-cocuklari-okulunun-kiz-ve-erkek-ogrencileriyle-bulustu","status":"publish","type":"post","link":"https:\/\/archive.sana.sy\/tr\/?p=289007","title":{"rendered":"Cumhurba\u015fkan\u0131 Esad ve First Lady Esma Esad, Tartus&#8217;taki Dar\u00fcleman \u015eehit \u00c7ocuklar\u0131 Okulu&#8217;nun K\u0131z Ve Erkek \u00d6\u011frencileriyle Bulu\u015ftu"},"content":{"rendered":"<p style=\"text-align: justify;\"><strong>TARTUS 28\u00a0EYL\u00dcL (SANA) \u2013<\/strong>\u00a0Cumhurba\u015fkan\u0131 Be\u015f\u015far Esad ve First Lady Esma Esad, Tartus kentindeki Dar\u00fcleman \u015eehit \u00c7ocuklar\u0131 Okulu\u2019nun k\u0131z ve erkek \u00f6\u011frencileriyle bir araya gelerek, Peygamber Efendimiz\u2019in do\u011fum g\u00fcn\u00fc kutlamas\u0131na kat\u0131ld\u0131.<\/p>\n<p style=\"text-align: justify;\">Cumhurba\u015fkan\u0131 Esad, Dar\u00fcleman \u015eehit \u00c7ocuklar\u0131 Okulu \u00f6\u011frencileri ve personeliyle yapt\u0131\u011f\u0131 r\u00f6portajda, \u2018\u2019 Bug\u00fcnk\u00fc ziyaretimizden \u00e7ok memnunuz ve bunun i\u00e7in \u00e7ok ge\u00e7 kald\u0131\u011f\u0131m\u0131z\u0131 biliyoruz&#8230; yakla\u015f\u0131k bir veya iki y\u0131ldan fazla bir s\u00fcre&#8230; Evin a\u00e7\u0131l\u0131\u015f\u0131ndan bu yana Vak\u0131flar M\u00fcd\u00fcr\u00fc Say\u0131n, M\u00fcd\u00fcr Han\u0131m ve Dar\u00fcleman&#8217;da tan\u0131\u015ft\u0131\u011f\u0131m\u0131z herkes bize her zaman \u00f6\u011frencilerin sizinle g\u00f6r\u00fc\u015fmek istedi\u011fini s\u00f6yl\u00fcyor\u2026Biz de sizinle g\u00f6r\u00fc\u015fmek istiyoruz\u2019\u2019 dedi.<\/p>\n<p style=\"text-align: justify;\">Say\u0131n Cumhurba\u015fkan\u0131 Be\u015f\u015far Esad yapt\u0131\u011f\u0131 konu\u015fmada, &#8221;Sizi bir\u00e7ok nedenden dolay\u0131 \u00f6nemsiyoruz ama birincisi \u015fehit ailelerinin bizim i\u00e7in \u00f6ncelikli olmas\u0131d\u0131r. \u015eehit sadece sava\u015fa giden, sava\u015fan, \u00fclkesini savunan ve \u015fehit olan yi\u011fit de\u011fildir. Ama babalar\u0131n\u0131z\u0131n de\u011ferleri oldu\u011fu i\u00e7in onlar\u0131 savundular. Hi\u00e7 kimse s\u0131rf \u00f6lecek diye \u015fehit olmaz ve cesur olmaz, asla, belli bir de\u011fere inand\u0131\u011f\u0131 i\u00e7in gider. Babalar\u0131n\u0131z pek \u00e7ok de\u011fere ciddi anlamda inan\u0131yordu.D\u00fc\u015f\u00fcnmemiz gereken ilk de\u011fer inan\u00e7 de\u011feridir. E\u011fer Tanr\u0131lar\u0131na, \u00fclkelerine, insanlar\u0131na inanmasalard\u0131, davalar\u0131na inanmasalard\u0131, bir\u00e7ok \u015feye inanmasalard\u0131, gidip \u00fclkelerini savunmalar\u0131, canlar\u0131n\u0131 feda etmeleri m\u00fcmk\u00fcn olmazd\u0131. Bug\u00fcn \u00fclkeyi bir inan\u00e7 olarak de\u011fil, ba\u015fka herhangi bir yer gibi ya\u015fad\u0131klar\u0131 bir ikamet yeri olarak g\u00f6ren pek \u00e7ok insan var ve ald\u0131klar\u0131 paraya g\u00f6re \u00fclkeyi kendileri i\u00e7in bir \u00fclke olarak g\u00f6ren ba\u015fka insanlar da var. Para gelmezse \u00fclkenin umurunda de\u011fil, ya\u015fad\u0131\u011f\u0131m\u0131z bu a\u015famada g\u00f6rd\u00fc\u011f\u00fcm\u00fcz bir\u00e7ok yalana kar\u015f\u0131l\u0131k d\u00fcr\u00fcstl\u00fc\u011f\u00fcn de\u011ferini savundular. Onlar d\u00fcr\u00fcstt\u00fcler ve savunduklar\u0131 \u00f6nemli de\u011ferlere sahiptiler. Bug\u00fcn t\u00fcm d\u00fcnyan\u0131n bat\u0131l bir ya\u015fam s\u00fcrmesine kar\u015f\u0131l\u0131k hakk\u0131 savundular. D\u00fcnyan\u0131n bir\u00e7ok yerinde bir\u00e7ok y\u00f6nden kazanan bat\u0131ld\u0131r. Onlar bu \u015feyi reddedip hakk\u0131 savunmay\u0131 sevdiler, bizimle kavga eden cahiller kar\u015f\u0131s\u0131nda bilginin ve bilimin de\u011ferini savundular. Bu konu sizi ilgilendiriyor \u00e7\u00fcnk\u00fc m\u00fckemmellik birinizin cehalete kar\u015f\u0131l\u0131k ta\u015f\u0131yaca\u011f\u0131 de\u011ferdir. Cehalete cehaletle kar\u015f\u0131 \u00e7\u0131kamay\u0131z, Cehalete, bilgi ve m\u00fckemmellikle kar\u015f\u0131 \u00e7\u0131k\u0131yoruz ama \u015funu s\u00f6ylemek istiyorum ki, sizin milletiniz bu g\u00fczel \u00fclkenin resmini \u00e7izdi\u011finde, t\u00fcm bu de\u011ferleri ta\u015f\u0131masayd\u0131, bunu \u00e7izemezdi. Devam etmesini ve insanlar\u0131n haf\u0131zas\u0131nda kalmas\u0131n\u0131 istiyorsak sizlerin de evlatlar olarak ayn\u0131 de\u011ferleri ta\u015f\u0131man\u0131z gerekiyor. Dolay\u0131s\u0131yla y\u0131llar sonra mezun olup liseyi bitirip \u00fcniversiteye gitti\u011finizde ve y\u0131llar \u00e7abuk ge\u00e7ip \u00e7al\u0131\u015fmaya ba\u015flad\u0131\u011f\u0131n\u0131zda, Bundan sonra ne kadar b\u00fcy\u00fck, b\u00fcy\u00fck hedefleriniz olaca\u011f\u0131n\u0131 d\u00fc\u015f\u00fcnmelisiniz&#8230;\u00c7\u00fcnk\u00fc babalar\u0131n\u0131z \u015fehit olduklar\u0131nda \u00e7ok b\u00fcy\u00fck de\u011ferler ta\u015f\u0131yorlard\u0131, e\u011fer bu de\u011ferleri ta\u015f\u0131masalard\u0131, b\u00fcy\u00fck hedefler koymasalard\u0131 canlar\u0131n\u0131 veremezlerdi&#8221; dedi.<\/p>\n<p style=\"text-align: justify;\">Cumhurba\u015fkan\u0131 esad konu\u015fmas\u0131na da \u015fu ifadeleri ekledi: &#8221;Anne baban\u0131z tutkunun de\u011ferini ta\u015f\u0131yordu ve ula\u015fmaya \u00e7al\u0131\u015ft\u0131klar\u0131 t\u00fcm hedefler tutku fikrine dayan\u0131yordu. Siz de ayn\u0131 \u015fekilde d\u00fc\u015f\u00fcnmeli, geli\u015fme fikrini ta\u015f\u0131mal\u0131. \u00d6\u011frenci olarak nas\u0131l geli\u015fmek istiyorsunuz, art\u0131k b\u00fcy\u00fcd\u00fc\u011f\u00fcm\u00fczde \u00fclkemiz i\u00e7in ne yapaca\u011f\u0131z diye d\u00fc\u015f\u00fcnmeye ba\u015flamal\u0131s\u0131n\u0131z&#8230; Her biriniz, hepimizin kutsalla\u015ft\u0131rd\u0131\u011f\u0131 anne rol\u00fcn\u00fcn yan\u0131 s\u0131ra elbette babas\u0131n\u0131 da temsil ediyorsunuz. Bu nedenle, birka\u00e7 y\u0131l i\u00e7inde pratik hayata ba\u015flayaca\u011f\u0131n\u0131z\u0131 ve geri gelip sizinle bulu\u015faca\u011f\u0131m\u0131z\u0131 ve o zamana kadar istedi\u011finiz b\u00fcy\u00fck ve b\u00fcy\u00fck hedefleri belirleyece\u011finizi umuyoruz. Siz Suriyeliler olarak bizim i\u00e7in kahraman babalar\u0131n\u0131z\u0131n imaj\u0131 oldunuz. \u00a0\u00c7\u00fcnk\u00fc gelecek nesiller var ki babalar\u0131n\u0131z\u0131 tan\u0131mayanlar ama sizin arac\u0131l\u0131\u011f\u0131n\u0131zla tan\u0131yacaklar ve \u015f\u00f6yle diyecekler: Bak\u0131n nas\u0131l davran\u0131yorlar, nas\u0131l g\u00fczel fikirler sunuyorlar. \u00dclkelerini nas\u0131l seviyorlar? Kendilerini d\u00fc\u015f\u00fcnmeden \u00f6nce ba\u015fkalar\u0131n\u0131 nas\u0131l d\u00fc\u015f\u00fcn\u00fcyorlar, kendi \u00e7\u0131karlar\u0131n\u0131 d\u00fc\u015f\u00fcnmeden \u00f6nce kamu yarar\u0131n\u0131 nas\u0131l d\u00fc\u015f\u00fcn\u00fcyorlar? B\u00fcy\u00fcd\u00fc\u011f\u00fcm\u00fczde bunlar\u0131 yapt\u0131\u011f\u0131m\u0131zda, millet haf\u0131zas\u0131nda atalar\u0131m\u0131z\u0131n yerini kaz\u0131m\u0131\u015f olaca\u011f\u0131z. Son olarak s\u00f6ylemek istedi\u011fim \u015fey \u015fu; anne baban\u0131z\u0131 en \u00e7ok memnun eden \u015fey sizin ola\u011fan\u00fcst\u00fc olman\u0131zd\u0131r. Bu bir de\u011fer olarak bir rakamd\u0131r, gerisi ondan sonra gelir, bir k\u0131sm\u0131 \u015fehit ailelerinden olu\u015fan \u00f6nemli kadroya ba\u015far\u0131lar diliyor, te\u015fekk\u00fcr ediyoruz. Annelerinize \u00e7ok selam s\u00f6yleyin. Anneanne ve dedenin e\u011fitimdeki rol\u00fcn\u00fc elbette unutmuyoruz \u00e7\u00fcnk\u00fc babalar\u0131n\u0131z\u0131 onlar yeti\u015ftirdi, onlar\u0131 kahraman yapt\u0131lar, onlara da selam olsun.&#8221;<\/p>\n<p><iframe loading=\"lazy\" title=\"\u062d\u062f\u064a\u062b \u0627\u0644\u0631\u0626\u064a\u0633 \u0628\u0634\u0627\u0631 \u0627\u0644\u0623\u0633\u062f \u0644\u0637\u0644\u0627\u0628 \u0648\u0643\u0648\u0627\u062f\u0631 \u0645\u062f\u0631\u0633\u0629 \u062f\u0627\u0631 \u0627\u0644\u0623\u0645\u0627\u0646 \u0644\u0623\u0628\u0646\u0627\u0621 \u0627\u0644\u0634\u0647\u062f\u0627\u0621 \u0641\u064a \u0637\u0631\u0637\u0648\u0633\" width=\"618\" height=\"348\" src=\"https:\/\/www.youtube.com\/embed\/u91LxiB4jLI?feature=oembed\" frameborder=\"0\" allow=\"accelerometer; autoplay; clipboard-write; encrypted-media; gyroscope; picture-in-picture; web-share\" referrerpolicy=\"strict-origin-when-cross-origin\" allowfullscreen><\/iframe><\/p>\n<div id='gallery-1' class='gallery galleryid-289007 gallery-columns-1 gallery-size-full'><figure class='gallery-item'>\n\t\t\t<div class='gallery-icon portrait'>\n\t\t\t\t<a href='https:\/\/archive.sana.sy\/tr\/?attachment_id=289021'><img loading=\"lazy\" decoding=\"async\" width=\"949\" height=\"1280\" src=\"https:\/\/archive.sana.sy\/tr\/wp-content\/uploads\/2023\/09\/photo_2023-09-28_18-35-07-2.jpg\" class=\"attachment-full size-full\" alt=\"\" srcset=\"https:\/\/archive.sana.sy\/tr\/wp-content\/uploads\/2023\/09\/photo_2023-09-28_18-35-07-2.jpg 949w, https:\/\/archive.sana.sy\/tr\/wp-content\/uploads\/2023\/09\/photo_2023-09-28_18-35-07-2-222x300.jpg 222w, https:\/\/archive.sana.sy\/tr\/wp-content\/uploads\/2023\/09\/photo_2023-09-28_18-35-07-2-759x1024.jpg 759w, https:\/\/archive.sana.sy\/tr\/wp-content\/uploads\/2023\/09\/photo_2023-09-28_18-35-07-2-768x1036.jpg 768w\" sizes=\"auto, (max-width: 949px) 100vw, 949px\" \/><\/a>\n\t\t\t<\/div><\/figure><figure class='gallery-item'>\n\t\t\t<div class='gallery-icon landscape'>\n\t\t\t\t<a href='https:\/\/archive.sana.sy\/tr\/?attachment_id=289020'><img loading=\"lazy\" decoding=\"async\" width=\"1280\" height=\"834\" src=\"https:\/\/archive.sana.sy\/tr\/wp-content\/uploads\/2023\/09\/photo_2023-09-28_18-35-09-1.jpg\" class=\"attachment-full size-full\" alt=\"\" srcset=\"https:\/\/archive.sana.sy\/tr\/wp-content\/uploads\/2023\/09\/photo_2023-09-28_18-35-09-1.jpg 1280w, https:\/\/archive.sana.sy\/tr\/wp-content\/uploads\/2023\/09\/photo_2023-09-28_18-35-09-1-300x195.jpg 300w, https:\/\/archive.sana.sy\/tr\/wp-content\/uploads\/2023\/09\/photo_2023-09-28_18-35-09-1-1024x667.jpg 1024w, https:\/\/archive.sana.sy\/tr\/wp-content\/uploads\/2023\/09\/photo_2023-09-28_18-35-09-1-768x500.jpg 768w\" sizes=\"auto, (max-width: 1280px) 100vw, 1280px\" \/><\/a>\n\t\t\t<\/div><\/figure><figure class='gallery-item'>\n\t\t\t<div class='gallery-icon landscape'>\n\t\t\t\t<a href='https:\/\/archive.sana.sy\/tr\/?attachment_id=289019'><img loading=\"lazy\" decoding=\"async\" width=\"1280\" height=\"797\" src=\"https:\/\/archive.sana.sy\/tr\/wp-content\/uploads\/2023\/09\/photo_2023-09-28_18-35-11-1.jpg\" class=\"attachment-full size-full\" alt=\"\" srcset=\"https:\/\/archive.sana.sy\/tr\/wp-content\/uploads\/2023\/09\/photo_2023-09-28_18-35-11-1.jpg 1280w, https:\/\/archive.sana.sy\/tr\/wp-content\/uploads\/2023\/09\/photo_2023-09-28_18-35-11-1-300x187.jpg 300w, https:\/\/archive.sana.sy\/tr\/wp-content\/uploads\/2023\/09\/photo_2023-09-28_18-35-11-1-1024x638.jpg 1024w, https:\/\/archive.sana.sy\/tr\/wp-content\/uploads\/2023\/09\/photo_2023-09-28_18-35-11-1-768x478.jpg 768w\" sizes=\"auto, (max-width: 1280px) 100vw, 1280px\" \/><\/a>\n\t\t\t<\/div><\/figure><figure class='gallery-item'>\n\t\t\t<div class='gallery-icon landscape'>\n\t\t\t\t<a href='https:\/\/archive.sana.sy\/tr\/?attachment_id=289018'><img loading=\"lazy\" decoding=\"async\" width=\"1280\" height=\"1061\" src=\"https:\/\/archive.sana.sy\/tr\/wp-content\/uploads\/2023\/09\/photo_2023-09-28_18-35-13-1.jpg\" class=\"attachment-full size-full\" alt=\"\" srcset=\"https:\/\/archive.sana.sy\/tr\/wp-content\/uploads\/2023\/09\/photo_2023-09-28_18-35-13-1.jpg 1280w, https:\/\/archive.sana.sy\/tr\/wp-content\/uploads\/2023\/09\/photo_2023-09-28_18-35-13-1-300x249.jpg 300w, https:\/\/archive.sana.sy\/tr\/wp-content\/uploads\/2023\/09\/photo_2023-09-28_18-35-13-1-1024x849.jpg 1024w, https:\/\/archive.sana.sy\/tr\/wp-content\/uploads\/2023\/09\/photo_2023-09-28_18-35-13-1-768x637.jpg 768w\" sizes=\"auto, (max-width: 1280px) 100vw, 1280px\" \/><\/a>\n\t\t\t<\/div><\/figure><figure class='gallery-item'>\n\t\t\t<div class='gallery-icon landscape'>\n\t\t\t\t<a href='https:\/\/archive.sana.sy\/tr\/?attachment_id=289017'><img loading=\"lazy\" decoding=\"async\" width=\"1280\" height=\"991\" src=\"https:\/\/archive.sana.sy\/tr\/wp-content\/uploads\/2023\/09\/photo_2023-09-28_18-35-14-1.jpg\" class=\"attachment-full size-full\" alt=\"\" srcset=\"https:\/\/archive.sana.sy\/tr\/wp-content\/uploads\/2023\/09\/photo_2023-09-28_18-35-14-1.jpg 1280w, https:\/\/archive.sana.sy\/tr\/wp-content\/uploads\/2023\/09\/photo_2023-09-28_18-35-14-1-300x232.jpg 300w, https:\/\/archive.sana.sy\/tr\/wp-content\/uploads\/2023\/09\/photo_2023-09-28_18-35-14-1-1024x793.jpg 1024w, https:\/\/archive.sana.sy\/tr\/wp-content\/uploads\/2023\/09\/photo_2023-09-28_18-35-14-1-768x595.jpg 768w\" sizes=\"auto, (max-width: 1280px) 100vw, 1280px\" \/><\/a>\n\t\t\t<\/div><\/figure><figure class='gallery-item'>\n\t\t\t<div class='gallery-icon landscape'>\n\t\t\t\t<a href='https:\/\/archive.sana.sy\/tr\/?attachment_id=289016'><img loading=\"lazy\" decoding=\"async\" width=\"1280\" height=\"853\" src=\"https:\/\/archive.sana.sy\/tr\/wp-content\/uploads\/2023\/09\/photo_2023-09-28_18-35-16-1.jpg\" class=\"attachment-full size-full\" alt=\"\" srcset=\"https:\/\/archive.sana.sy\/tr\/wp-content\/uploads\/2023\/09\/photo_2023-09-28_18-35-16-1.jpg 1280w, https:\/\/archive.sana.sy\/tr\/wp-content\/uploads\/2023\/09\/photo_2023-09-28_18-35-16-1-300x200.jpg 300w, https:\/\/archive.sana.sy\/tr\/wp-content\/uploads\/2023\/09\/photo_2023-09-28_18-35-16-1-1024x682.jpg 1024w, https:\/\/archive.sana.sy\/tr\/wp-content\/uploads\/2023\/09\/photo_2023-09-28_18-35-16-1-768x512.jpg 768w\" sizes=\"auto, (max-width: 1280px) 100vw, 1280px\" \/><\/a>\n\t\t\t<\/div><\/figure>\n\t\t<\/div>\n\n<p style=\"text-align: justify;\"><a href=\"https:\/\/t.me\/SuriyeArapHaberAjansI\">Telegram Kanal\u0131m\u0131z\u00a0<\/a><\/p>\n<p style=\"text-align: justify;\"><a href=\"https:\/\/www.facebook.com\/SANAHaberAjansi\/\">Facebook Sayfam\u0131z<\/a><\/p>\n<p style=\"text-align: justify;\"><a href=\"https:\/\/twitter.com\/arap_ajans\">Twitter Hesab\u0131m\u0131z<\/a><\/p>\n","protected":false},"excerpt":{"rendered":"<p>TARTUS 28\u00a0EYL\u00dcL (SANA) \u2013\u00a0Cumhurba\u015fkan\u0131 Be\u015f\u015far Esad ve First Lady Esma Esad, Tartus kentindeki Dar\u00fcleman \u015eehit \u00c7ocuklar\u0131 Okulu\u2019nun k\u0131z ve erkek \u00f6\u011frencileriyle bir araya gelerek, Peygamber Efendimiz\u2019in do\u011fum g\u00fcn\u00fc kutlamas\u0131na kat\u0131ld\u0131. Cumhurba\u015fkan\u0131 Esad, Dar\u00fcleman \u015eehit \u00c7ocuklar\u0131 Okulu \u00f6\u011frencileri ve personeliyle yapt\u0131\u011f\u0131 r\u00f6portajda, \u2018\u2019 Bug\u00fcnk\u00fc ziyaretimizden \u00e7ok memnunuz ve bunun i\u00e7in \u00e7ok ge\u00e7 kald\u0131\u011f\u0131m\u0131z\u0131 biliyoruz&#8230; yakla\u015f\u0131k bir &hellip;<\/p>\n","protected":false},"author":41,"featured_media":289015,"comment_status":"closed","ping_status":"closed","sticky":false,"template":"","format":"standard","meta":{"footnotes":""},"categories":[606,6459,605,17988],"tags":[39820,19043,38641,39923],"class_list":["post-289007","post","type-post","status-publish","format-standard","has-post-thumbnail","","category-cumhurbaskani","category-sana-fotolarl","category-sayin-cumhurbaskani","category-son-haberler","tag-cumhurbaskani-esad-ve-first-lady-esma-esad","tag-suriyede-son-durum","tag-suriyede-son-gelimeler","tag-tartustaki-daruleman-sehit-cocuklari-okulunun-kiz-ve-erkek-ogrencileriyle-bulustu"],"_links":{"self":[{"href":"https:\/\/archive.sana.sy\/tr\/index.php?rest_route=\/wp\/v2\/posts\/289007","targetHints":{"allow":["GET"]}}],"collection":[{"href":"https:\/\/archive.sana.sy\/tr\/index.php?rest_route=\/wp\/v2\/posts"}],"about":[{"href":"https:\/\/archive.sana.sy\/tr\/index.php?rest_route=\/wp\/v2\/types\/post"}],"author":[{"embeddable":true,"href":"https:\/\/archive.sana.sy\/tr\/index.php?rest_route=\/wp\/v2\/users\/41"}],"replies":[{"embeddable":true,"href":"https:\/\/archive.sana.sy\/tr\/index.php?rest_route=%2Fwp%2Fv2%2Fcomments&post=289007"}],"version-history":[{"count":6,"href":"https:\/\/archive.sana.sy\/tr\/index.php?rest_route=\/wp\/v2\/posts\/289007\/revisions"}],"predecessor-version":[{"id":289124,"href":"https:\/\/archive.sana.sy\/tr\/index.php?rest_route=\/wp\/v2\/posts\/289007\/revisions\/289124"}],"wp:featuredmedia":[{"embeddable":true,"href":"https:\/\/archive.sana.sy\/tr\/index.php?rest_route=\/wp\/v2\/media\/289015"}],"wp:attachment":[{"href":"https:\/\/archive.sana.sy\/tr\/index.php?rest_route=%2Fwp%2Fv2%2Fmedia&parent=289007"}],"wp:term":[{"taxonomy":"category","embeddable":true,"href":"https:\/\/archive.sana.sy\/tr\/index.php?rest_route=%2Fwp%2Fv2%2Fcategories&post=289007"},{"taxonomy":"post_tag","embeddable":true,"href":"https:\/\/archive.sana.sy\/tr\/index.php?rest_route=%2Fwp%2Fv2%2Ftags&post=289007"}],"curies":[{"name":"wp","href":"https:\/\/api.w.org\/{rel}","templated":true}]}}