{"id":289025,"date":"2023-09-29T11:32:19","date_gmt":"2023-09-29T08:32:19","guid":{"rendered":"https:\/\/sana.sy\/tr\/?p=289025"},"modified":"2023-10-01T13:05:41","modified_gmt":"2023-10-01T10:05:41","slug":"rusyanin-kursk-eyaleti-kiev-rejim-gucleri-bir-elektrik-santraline-drone-ile-saldirdi","status":"publish","type":"post","link":"https:\/\/archive.sana.sy\/tr\/?p=289025","title":{"rendered":"Rusya\u2019n\u0131n Kursk Eyaleti: Kiev Rejim G\u00fc\u00e7leri Bir Elektrik Santraline Drone \u0130le Sald\u0131rd\u0131"},"content":{"rendered":"<p style=\"text-align: justify;\"><strong>MOSKOVA 29 EYL\u00dcL (SANA)<\/strong>\u00a0\u2013Rusya\u2019n\u0131n Kursk eyaletinin valisi Roman Starovoit, bug\u00fcn Kiev rejim g\u00fc\u00e7lerinin eyaletteki bir elektrik santraline drone sald\u0131r\u0131s\u0131 d\u00fczenledi\u011fini duyurdu.<br \/>\nSputnik, Telegram internet sitesinde Starovoit\u2019in, \u201cBilovsky b\u00f6lgesindeki Biloy k\u00f6y\u00fcnde, Ukraynal\u0131 bir insans\u0131z hava arac\u0131 bir elektrik santraline iki bomba att\u0131\u201d diyerek, \u201cbu durum, be\u015f k\u00f6yde ve bir hastanede trafonun tutu\u015fmas\u0131na ve elektri\u011fin kesilmesine neden oldu, olay yerine itfaiye ekipleri g\u00f6nderildi\u201d dedi\u011fini aktard\u0131.<\/p>\n<p><a href=\"https:\/\/t.me\/SuriyeArapHaberAjansI\">Telegram Kanal\u0131m\u0131z\u00a0<\/a><\/p>\n<p><a href=\"https:\/\/www.facebook.com\/SANAHaberAjansi\/\">Facebook Sayfam\u0131z<\/a><\/p>\n<p><a href=\"https:\/\/twitter.com\/arap_ajans\">Twitter Hesab\u0131m\u0131z<\/a><\/p>\n","protected":false},"excerpt":{"rendered":"<p>MOSKOVA 29 EYL\u00dcL (SANA)\u00a0\u2013Rusya\u2019n\u0131n Kursk eyaletinin valisi Roman Starovoit, bug\u00fcn Kiev rejim g\u00fc\u00e7lerinin eyaletteki bir elektrik santraline drone sald\u0131r\u0131s\u0131 d\u00fczenledi\u011fini duyurdu. Sputnik, Telegram internet sitesinde Starovoit\u2019in, \u201cBilovsky b\u00f6lgesindeki Biloy k\u00f6y\u00fcnde, Ukraynal\u0131 bir insans\u0131z hava arac\u0131 bir elektrik santraline iki bomba att\u0131\u201d diyerek, \u201cbu durum, be\u015f k\u00f6yde ve bir hastanede trafonun tutu\u015fmas\u0131na ve elektri\u011fin kesilmesine neden &hellip;<\/p>\n","protected":false},"author":36,"featured_media":289026,"comment_status":"closed","ping_status":"closed","sticky":false,"template":"","format":"standard","meta":{"footnotes":""},"categories":[458,459,17988],"tags":[],"class_list":["post-289025","post","type-post","status-publish","format-standard","has-post-thumbnail","","category-dunya1","category-haberler-arap-uluslararasi-politika","category-son-haberler"],"_links":{"self":[{"href":"https:\/\/archive.sana.sy\/tr\/index.php?rest_route=\/wp\/v2\/posts\/289025","targetHints":{"allow":["GET"]}}],"collection":[{"href":"https:\/\/archive.sana.sy\/tr\/index.php?rest_route=\/wp\/v2\/posts"}],"about":[{"href":"https:\/\/archive.sana.sy\/tr\/index.php?rest_route=\/wp\/v2\/types\/post"}],"author":[{"embeddable":true,"href":"https:\/\/archive.sana.sy\/tr\/index.php?rest_route=\/wp\/v2\/users\/36"}],"replies":[{"embeddable":true,"href":"https:\/\/archive.sana.sy\/tr\/index.php?rest_route=%2Fwp%2Fv2%2Fcomments&post=289025"}],"version-history":[{"count":3,"href":"https:\/\/archive.sana.sy\/tr\/index.php?rest_route=\/wp\/v2\/posts\/289025\/revisions"}],"predecessor-version":[{"id":289029,"href":"https:\/\/archive.sana.sy\/tr\/index.php?rest_route=\/wp\/v2\/posts\/289025\/revisions\/289029"}],"wp:featuredmedia":[{"embeddable":true,"href":"https:\/\/archive.sana.sy\/tr\/index.php?rest_route=\/wp\/v2\/media\/289026"}],"wp:attachment":[{"href":"https:\/\/archive.sana.sy\/tr\/index.php?rest_route=%2Fwp%2Fv2%2Fmedia&parent=289025"}],"wp:term":[{"taxonomy":"category","embeddable":true,"href":"https:\/\/archive.sana.sy\/tr\/index.php?rest_route=%2Fwp%2Fv2%2Fcategories&post=289025"},{"taxonomy":"post_tag","embeddable":true,"href":"https:\/\/archive.sana.sy\/tr\/index.php?rest_route=%2Fwp%2Fv2%2Ftags&post=289025"}],"curies":[{"name":"wp","href":"https:\/\/api.w.org\/{rel}","templated":true}]}}