{"id":289030,"date":"2023-09-29T15:15:42","date_gmt":"2023-09-29T12:15:42","guid":{"rendered":"https:\/\/sana.sy\/tr\/?p=289030"},"modified":"2023-10-01T13:05:46","modified_gmt":"2023-10-01T10:05:46","slug":"kudus-ve-birede-isgal-kursunlariyla-iki-filistinli-yaralandi","status":"publish","type":"post","link":"https:\/\/archive.sana.sy\/tr\/?p=289030","title":{"rendered":"Kud\u00fcs Ve Bire&#8217;de \u0130\u015fgal Kur\u015funlar\u0131yla \u0130ki Filistinli Yaraland\u0131"},"content":{"rendered":"<p style=\"text-align: justify;\"><strong>\u0130\u015eGAL ED\u0130LEN KUD\u00dcS 29 EYL\u00dcL (SANA) <\/strong>&#8211; Bat\u0131 \u015eeria&#8217;n\u0131n i\u015fgal alt\u0131ndaki Kud\u00fcs ve El Bireh kentlerinde bu sabah \u0130srail i\u015fgal g\u00fc\u00e7lerinin a\u00e7t\u0131\u011f\u0131 ate\u015f sonucu iki Filistinli yaraland\u0131.<\/p>\n<p style=\"text-align: justify;\">Filistin Wafa Ajans\u0131, i\u015fgal g\u00fc\u00e7lerinin Kud\u00fcs&#8217;\u00fcn kuzeyindeki Kalandiya kamp\u0131na, s\u0131k s\u0131k kur\u015funlar ve zehirli gaz bombalar\u0131yla bask\u0131n d\u00fczenledi\u011fini, bunun sonucunda gen\u00e7 bir adam\u0131n g\u00f6z\u00fcnden ciddi \u015fekilde yaraland\u0131\u011f\u0131n\u0131 bildirdi.<\/p>\n<p style=\"text-align: justify;\">\u0130\u015fgal g\u00fc\u00e7leri, Bire&#8217;in kuzeyindeki Balu mahallesine de bask\u0131n d\u00fczenleyerek Filistinlilere kur\u015funlarla sald\u0131rd\u0131, bir ki\u015fiyi yaralad\u0131, bir di\u011ferini de d\u00f6vd\u00fckten sonra tutuklad\u0131.<\/p>\n<p style=\"text-align: justify;\">\u0130\u015fgal g\u00fc\u00e7lerinin Bat\u0131 \u015eeria&#8217;n\u0131n Halil ve Cenin \u015fehirlerinde d\u00fcn ak\u015fam saatlerinde d\u00fczenledi\u011fi sald\u0131r\u0131lar sonucu onlarca Filistinli yaralanm\u0131\u015ft\u0131.<\/p>\n<p><a href=\"https:\/\/t.me\/SuriyeArapHaberAjansI\">Telegram Kanal\u0131m\u0131z\u00a0<\/a><\/p>\n<p><a href=\"https:\/\/www.facebook.com\/SANAHaberAjansi\/\">Facebook Sayfam\u0131z<\/a><\/p>\n<p><a href=\"https:\/\/twitter.com\/arap_ajans\">Twitter Hesab\u0131m\u0131z<\/a><\/p>\n","protected":false},"excerpt":{"rendered":"<p>\u0130\u015eGAL ED\u0130LEN KUD\u00dcS 29 EYL\u00dcL (SANA) &#8211; Bat\u0131 \u015eeria&#8217;n\u0131n i\u015fgal alt\u0131ndaki Kud\u00fcs ve El Bireh kentlerinde bu sabah \u0130srail i\u015fgal g\u00fc\u00e7lerinin a\u00e7t\u0131\u011f\u0131 ate\u015f sonucu iki Filistinli yaraland\u0131. Filistin Wafa Ajans\u0131, i\u015fgal g\u00fc\u00e7lerinin Kud\u00fcs&#8217;\u00fcn kuzeyindeki Kalandiya kamp\u0131na, s\u0131k s\u0131k kur\u015funlar ve zehirli gaz bombalar\u0131yla bask\u0131n d\u00fczenledi\u011fini, bunun sonucunda gen\u00e7 bir adam\u0131n g\u00f6z\u00fcnden ciddi \u015fekilde yaraland\u0131\u011f\u0131n\u0131 bildirdi. &hellip;<\/p>\n","protected":false},"author":41,"featured_media":289031,"comment_status":"closed","ping_status":"closed","sticky":false,"template":"","format":"standard","meta":{"footnotes":""},"categories":[458,459,17988],"tags":[39924],"class_list":["post-289030","post","type-post","status-publish","format-standard","has-post-thumbnail","","category-dunya1","category-haberler-arap-uluslararasi-politika","category-son-haberler","tag-kudus-ve-birede-isgal-kursunlariyla-iki-filistinli-yaralandi"],"_links":{"self":[{"href":"https:\/\/archive.sana.sy\/tr\/index.php?rest_route=\/wp\/v2\/posts\/289030","targetHints":{"allow":["GET"]}}],"collection":[{"href":"https:\/\/archive.sana.sy\/tr\/index.php?rest_route=\/wp\/v2\/posts"}],"about":[{"href":"https:\/\/archive.sana.sy\/tr\/index.php?rest_route=\/wp\/v2\/types\/post"}],"author":[{"embeddable":true,"href":"https:\/\/archive.sana.sy\/tr\/index.php?rest_route=\/wp\/v2\/users\/41"}],"replies":[{"embeddable":true,"href":"https:\/\/archive.sana.sy\/tr\/index.php?rest_route=%2Fwp%2Fv2%2Fcomments&post=289030"}],"version-history":[{"count":1,"href":"https:\/\/archive.sana.sy\/tr\/index.php?rest_route=\/wp\/v2\/posts\/289030\/revisions"}],"predecessor-version":[{"id":289032,"href":"https:\/\/archive.sana.sy\/tr\/index.php?rest_route=\/wp\/v2\/posts\/289030\/revisions\/289032"}],"wp:featuredmedia":[{"embeddable":true,"href":"https:\/\/archive.sana.sy\/tr\/index.php?rest_route=\/wp\/v2\/media\/289031"}],"wp:attachment":[{"href":"https:\/\/archive.sana.sy\/tr\/index.php?rest_route=%2Fwp%2Fv2%2Fmedia&parent=289030"}],"wp:term":[{"taxonomy":"category","embeddable":true,"href":"https:\/\/archive.sana.sy\/tr\/index.php?rest_route=%2Fwp%2Fv2%2Fcategories&post=289030"},{"taxonomy":"post_tag","embeddable":true,"href":"https:\/\/archive.sana.sy\/tr\/index.php?rest_route=%2Fwp%2Fv2%2Ftags&post=289030"}],"curies":[{"name":"wp","href":"https:\/\/api.w.org\/{rel}","templated":true}]}}