{"id":289033,"date":"2023-09-29T15:18:46","date_gmt":"2023-09-29T12:18:46","guid":{"rendered":"https:\/\/sana.sy\/tr\/?p=289033"},"modified":"2023-10-01T13:01:38","modified_gmt":"2023-10-01T10:01:38","slug":"suriye-ninavadaki-korkunc-yanginda-hayatini-kaybedenler-icin-irak-hukumetine-ve-halkina-bassagligi-diledi","status":"publish","type":"post","link":"https:\/\/archive.sana.sy\/tr\/?p=289033","title":{"rendered":"Suriye, Ninava&#8217;daki Korkun\u00e7 Yang\u0131nda Hayat\u0131n\u0131 Kaybedenler \u0130\u00e7in Irak H\u00fck\u00fcmetine Ve Halk\u0131na Ba\u015fsa\u011fl\u0131\u011f\u0131 Diledi"},"content":{"rendered":"<p style=\"text-align: justify;\"><strong>\u015eAM 29 EYL\u00dcL (SANA) &#8211;<\/strong> Suriye, Irak&#8217;\u0131n kuzeyindeki Ninava Valili\u011fi&#8217;nde meydana gelen korkun\u00e7 yang\u0131n kazas\u0131nda meydana gelen a\u011f\u0131r can kayb\u0131 ve yaralanmalar nedeniyle Irak h\u00fck\u00fcmetine ve Irak halk\u0131na i\u00e7ten taziyelerini iletti.<\/p>\n<p style=\"text-align: justify;\">D\u0131\u015fi\u015fleri ve Gurbet\u00e7iler Bakanl\u0131\u011f\u0131 SANA&#8217;n\u0131n bir kopyas\u0131n\u0131 ald\u0131\u011f\u0131 a\u00e7\u0131klamada, &#8221;Suriye Arap Cumhuriyeti D\u0131\u015fi\u015fleri ve Gurbet\u00e7iler Bakanl\u0131\u011f\u0131, Kuzey Irak&#8217;\u0131n Ninava Valili\u011fi&#8217;nde meydana gelen korkun\u00e7 yang\u0131n kazas\u0131nda meydana gelen b\u00fcy\u00fck can kayb\u0131 ve yaralanmalarla ilgili olarak Suriye Arap Cumhuriyeti halk\u0131n\u0131n, h\u00fck\u00fcmetinin ve liderlerinin hissetti\u011fi derin elem ve \u00fcz\u00fcnt\u00fcy\u00fc ifade ediyoruz&#8221; dedi.<\/p>\n<p style=\"text-align: justify;\">D\u0131\u015fi\u015fleri Bakanl\u0131\u011f\u0131 ayr\u0131ca, \u201c\u00c7ok say\u0131da masum insan\u0131n hayat\u0131na mal olan ve \u00e7ok say\u0131da a\u011f\u0131r yaralanmaya yol a\u00e7an olay\u0131n deh\u015fetini hissetti\u011fimizde, Irak h\u00fck\u00fcmetine, karde\u015f Irak halk\u0131na ve yak\u0131nlar\u0131n\u0131 kaybeden ma\u011fdurlar\u0131n ailelerine ba\u015fsa\u011fl\u0131\u011f\u0131, yaral\u0131lara acil \u015fifalar diliyoruz&#8221; ifadelerini kulland\u0131.<\/p>\n<p style=\"text-align: justify;\">D\u0131\u015fi\u015fleri Bakanl\u0131\u011f\u0131 a\u00e7\u0131klamas\u0131n\u0131 \u015fu s\u00f6zlerle bitirdi: \u201cSuriye, karde\u015f Irak&#8217;taki t\u00fcm halk\u0131m\u0131z\u0131n, \u00f6zellikle de ge\u00e7ti\u011fimiz \u015eubat ay\u0131n\u0131n 6&#8217;s\u0131nda ya\u015fanan y\u0131k\u0131c\u0131 depremden sonra, halk\u0131n\u0131n ba\u015f\u0131na gelen her \u015feyde yan\u0131nda yer ald\u0131\u011f\u0131n\u0131 unutmad\u0131. Karde\u015f Irak&#8217;taki halk\u0131m\u0131za samimi deste\u011fimizi beyan ediyor, Irak&#8217;a bir zarar gelmemesini Y\u00fcce Allah&#8217;tan diliyoruz.&#8221;<\/p>\n<p><a href=\"https:\/\/t.me\/SuriyeArapHaberAjansI\">Telegram Kanal\u0131m\u0131z\u00a0<\/a><\/p>\n<p><a href=\"https:\/\/www.facebook.com\/SANAHaberAjansi\/\">Facebook Sayfam\u0131z<\/a><\/p>\n<p><a href=\"https:\/\/twitter.com\/arap_ajans\">Twitter Hesab\u0131m\u0131z<\/a><\/p>\n","protected":false},"excerpt":{"rendered":"<p>\u015eAM 29 EYL\u00dcL (SANA) &#8211; Suriye, Irak&#8217;\u0131n kuzeyindeki Ninava Valili\u011fi&#8217;nde meydana gelen korkun\u00e7 yang\u0131n kazas\u0131nda meydana gelen a\u011f\u0131r can kayb\u0131 ve yaralanmalar nedeniyle Irak h\u00fck\u00fcmetine ve Irak halk\u0131na i\u00e7ten taziyelerini iletti. D\u0131\u015fi\u015fleri ve Gurbet\u00e7iler Bakanl\u0131\u011f\u0131 SANA&#8217;n\u0131n bir kopyas\u0131n\u0131 ald\u0131\u011f\u0131 a\u00e7\u0131klamada, &#8221;Suriye Arap Cumhuriyeti D\u0131\u015fi\u015fleri ve Gurbet\u00e7iler Bakanl\u0131\u011f\u0131, Kuzey Irak&#8217;\u0131n Ninava Valili\u011fi&#8217;nde meydana gelen korkun\u00e7 yang\u0131n &hellip;<\/p>\n","protected":false},"author":41,"featured_media":289034,"comment_status":"closed","ping_status":"closed","sticky":false,"template":"","format":"standard","meta":{"footnotes":""},"categories":[479,17988,478],"tags":[39925,16591],"class_list":["post-289033","post","type-post","status-publish","format-standard","has-post-thumbnail","","category-haberler-yerel","category-son-haberler","category-yerel","tag-ninavadaki-korkunc-yanginda-hayatini-kaybedenler-icin-irak-hukumetine-ve-halkina-bassagligi-diledi","tag-suriye"],"_links":{"self":[{"href":"https:\/\/archive.sana.sy\/tr\/index.php?rest_route=\/wp\/v2\/posts\/289033","targetHints":{"allow":["GET"]}}],"collection":[{"href":"https:\/\/archive.sana.sy\/tr\/index.php?rest_route=\/wp\/v2\/posts"}],"about":[{"href":"https:\/\/archive.sana.sy\/tr\/index.php?rest_route=\/wp\/v2\/types\/post"}],"author":[{"embeddable":true,"href":"https:\/\/archive.sana.sy\/tr\/index.php?rest_route=\/wp\/v2\/users\/41"}],"replies":[{"embeddable":true,"href":"https:\/\/archive.sana.sy\/tr\/index.php?rest_route=%2Fwp%2Fv2%2Fcomments&post=289033"}],"version-history":[{"count":1,"href":"https:\/\/archive.sana.sy\/tr\/index.php?rest_route=\/wp\/v2\/posts\/289033\/revisions"}],"predecessor-version":[{"id":289035,"href":"https:\/\/archive.sana.sy\/tr\/index.php?rest_route=\/wp\/v2\/posts\/289033\/revisions\/289035"}],"wp:featuredmedia":[{"embeddable":true,"href":"https:\/\/archive.sana.sy\/tr\/index.php?rest_route=\/wp\/v2\/media\/289034"}],"wp:attachment":[{"href":"https:\/\/archive.sana.sy\/tr\/index.php?rest_route=%2Fwp%2Fv2%2Fmedia&parent=289033"}],"wp:term":[{"taxonomy":"category","embeddable":true,"href":"https:\/\/archive.sana.sy\/tr\/index.php?rest_route=%2Fwp%2Fv2%2Fcategories&post=289033"},{"taxonomy":"post_tag","embeddable":true,"href":"https:\/\/archive.sana.sy\/tr\/index.php?rest_route=%2Fwp%2Fv2%2Ftags&post=289033"}],"curies":[{"name":"wp","href":"https:\/\/api.w.org\/{rel}","templated":true}]}}