{"id":289043,"date":"2023-09-29T17:44:22","date_gmt":"2023-09-29T14:44:22","guid":{"rendered":"https:\/\/sana.sy\/tr\/?p=289043"},"modified":"2023-10-01T13:06:10","modified_gmt":"2023-10-01T10:06:10","slug":"rus-ordusu-ukraynanin-muhimmat-depolarini-egitim-merkezlerini-ve-askeri-tesislerini-yok-etti","status":"publish","type":"post","link":"https:\/\/archive.sana.sy\/tr\/?p=289043","title":{"rendered":"Rus Ordusu Ukrayna&#8217;n\u0131n M\u00fchimmat Depolar\u0131n\u0131, E\u011fitim Merkezlerini Ve Askeri Tesislerini Yok Etti"},"content":{"rendered":"<p style=\"text-align: justify;\"><strong>MOSKOVA 29 EYL<\/strong><strong>\u00dcL (SANA)<\/strong> &#8211; Rusya Savunma Bakanl\u0131\u011f\u0131, g\u00fc\u00e7lerinin Ukrayna askeri tesisleri ile Ukrayna ordusu ve paral\u0131 askerlerin toplanma noktalar\u0131na y\u00fcksek hassasiyetli, uzun menzilli silahlar ve insans\u0131z hava ara\u00e7lar\u0131yla yo\u011fun sald\u0131r\u0131lar d\u00fczenledi\u011fini duyurdu.<\/p>\n<p style=\"text-align: justify;\">Bakanl\u0131\u011f\u0131n \u00f6zel askeri operasyonlar\u0131n son 24 saatteki ilerlemesine ili\u015fkin g\u00fcnl\u00fck raporuna g\u00f6re,<\/p>\n<ul style=\"text-align: justify;\">\n<li>Bu sald\u0131r\u0131lar, Ukrayna kuvvetleri ve yabanc\u0131 paral\u0131 askerlere ait m\u00fchimmat depolar\u0131n\u0131n, e\u011fitim merkezlerinin ve toplama noktalar\u0131n\u0131n yok edilmesiyle sonu\u00e7land\u0131.<\/li>\n<li>Yabanc\u0131 bir birli\u011fin komuta merkezi ve iki b\u00fcy\u00fck silah ve m\u00fchimmat deposu imha edildi<\/li>\n<li>Donetsk ve Zaporozhye istikametinde faaliyet g\u00f6steren Ukrayna kuvvetlerine y\u00f6nelik yabanc\u0131 silah tedariki ve lojistik hizmetleri hedef al\u0131nd\u0131.<\/li>\n<\/ul>\n<p style=\"text-align: justify;\">Ge\u00e7ti\u011fimiz hafta ger\u00e7ekle\u015ftirilen \u00f6zel operasyonun sonu\u00e7lar\u0131na ili\u015fkin raporda, Ukrayna g\u00fc\u00e7lerinin Kharkov vilayetindeki Kubyansk ekseninde 210&#8217;dan fazla \u00fcyesini kaybetti\u011fi belirtildi.<\/p>\n<p style=\"text-align: justify;\"><strong>Rapora g\u00f6re ayr\u0131ca, <\/strong><\/p>\n<ul>\n<li style=\"text-align: justify;\">Operasyonda 31 sald\u0131r\u0131 engellendi ve Donetsk ekseninde 1.760&#8217;tan fazla asker etkisiz hale getirildi, 40 tank imha edildi.<\/li>\n<li style=\"text-align: justify;\">Kharkov Eyaletindeki Rus kuvvetleri 4 m\u00fchimmat deposunu imha ederek, Kiev g\u00fc\u00e7lerinin Zaporojye eksenine y\u00f6nelik sald\u0131r\u0131 giri\u015fimlerini engelledi ve 330&#8217;dan fazla askeri ve 25 top\u00e7u par\u00e7as\u0131n\u0131 imha etmeyi ba\u015fard\u0131.<\/li>\n<li style=\"text-align: justify;\">Rus hava savunma sistemlerinin Amerikan \u201cHIMARS\u201d sistemlerinden f\u0131rlat\u0131lan 33 f\u00fcze mermisini yakalad\u0131\u011f\u0131 ve 185 insans\u0131z hava arac\u0131n\u0131 d\u00fc\u015f\u00fcrd\u00fc\u011f\u00fc belirtildi.<\/li>\n<li style=\"text-align: justify;\">Zaporozhye ekseninde, Kiev g\u00fc\u00e7lerinin sald\u0131r\u0131 giri\u015fimleri engellendi; 330&#8217;dan fazla asker yok edildi ve 25 top\u00e7u par\u00e7as\u0131 imha edildi.<\/li>\n<li style=\"text-align: justify;\">Herson istikametinde yakla\u015f\u0131k 250 Ukraynal\u0131 asker imha edildi ve 16 z\u0131rhl\u0131 ara\u00e7 imha edildi.<a href=\"https:\/\/t.me\/SuriyeArapHaberAjansI\">Telegram Kanal\u0131m\u0131z\u00a0<\/a>\n<p><a href=\"https:\/\/www.facebook.com\/SANAHaberAjansi\/\">Facebook Sayfam\u0131z<\/a><\/p>\n<p><a href=\"https:\/\/twitter.com\/arap_ajans\">Twitter Hesab\u0131m\u0131z<\/a><\/li>\n<\/ul>\n","protected":false},"excerpt":{"rendered":"<p>MOSKOVA 29 EYL\u00dcL (SANA) &#8211; Rusya Savunma Bakanl\u0131\u011f\u0131, g\u00fc\u00e7lerinin Ukrayna askeri tesisleri ile Ukrayna ordusu ve paral\u0131 askerlerin toplanma noktalar\u0131na y\u00fcksek hassasiyetli, uzun menzilli silahlar ve insans\u0131z hava ara\u00e7lar\u0131yla yo\u011fun sald\u0131r\u0131lar d\u00fczenledi\u011fini duyurdu. Bakanl\u0131\u011f\u0131n \u00f6zel askeri operasyonlar\u0131n son 24 saatteki ilerlemesine ili\u015fkin g\u00fcnl\u00fck raporuna g\u00f6re, Bu sald\u0131r\u0131lar, Ukrayna kuvvetleri ve yabanc\u0131 paral\u0131 askerlere ait m\u00fchimmat &hellip;<\/p>\n","protected":false},"author":41,"featured_media":289044,"comment_status":"closed","ping_status":"closed","sticky":false,"template":"","format":"standard","meta":{"footnotes":""},"categories":[458,459,17988],"tags":[39930,39929],"class_list":["post-289043","post","type-post","status-publish","format-standard","has-post-thumbnail","","category-dunya1","category-haberler-arap-uluslararasi-politika","category-son-haberler","tag-egitim-merkezlerini-ve-askeri-tesislerini-yok-etti","tag-rus-ordusu-ukraynanin-muhimmat-depolarini"],"_links":{"self":[{"href":"https:\/\/archive.sana.sy\/tr\/index.php?rest_route=\/wp\/v2\/posts\/289043","targetHints":{"allow":["GET"]}}],"collection":[{"href":"https:\/\/archive.sana.sy\/tr\/index.php?rest_route=\/wp\/v2\/posts"}],"about":[{"href":"https:\/\/archive.sana.sy\/tr\/index.php?rest_route=\/wp\/v2\/types\/post"}],"author":[{"embeddable":true,"href":"https:\/\/archive.sana.sy\/tr\/index.php?rest_route=\/wp\/v2\/users\/41"}],"replies":[{"embeddable":true,"href":"https:\/\/archive.sana.sy\/tr\/index.php?rest_route=%2Fwp%2Fv2%2Fcomments&post=289043"}],"version-history":[{"count":2,"href":"https:\/\/archive.sana.sy\/tr\/index.php?rest_route=\/wp\/v2\/posts\/289043\/revisions"}],"predecessor-version":[{"id":289117,"href":"https:\/\/archive.sana.sy\/tr\/index.php?rest_route=\/wp\/v2\/posts\/289043\/revisions\/289117"}],"wp:featuredmedia":[{"embeddable":true,"href":"https:\/\/archive.sana.sy\/tr\/index.php?rest_route=\/wp\/v2\/media\/289044"}],"wp:attachment":[{"href":"https:\/\/archive.sana.sy\/tr\/index.php?rest_route=%2Fwp%2Fv2%2Fmedia&parent=289043"}],"wp:term":[{"taxonomy":"category","embeddable":true,"href":"https:\/\/archive.sana.sy\/tr\/index.php?rest_route=%2Fwp%2Fv2%2Fcategories&post=289043"},{"taxonomy":"post_tag","embeddable":true,"href":"https:\/\/archive.sana.sy\/tr\/index.php?rest_route=%2Fwp%2Fv2%2Ftags&post=289043"}],"curies":[{"name":"wp","href":"https:\/\/api.w.org\/{rel}","templated":true}]}}