{"id":289046,"date":"2023-09-29T18:45:52","date_gmt":"2023-09-29T15:45:52","guid":{"rendered":"https:\/\/sana.sy\/tr\/?p=289046"},"modified":"2023-10-01T13:06:36","modified_gmt":"2023-10-01T10:06:36","slug":"farkli-milletlerden-bir-turist-grubu-busra-el-sam-antik-kentini-ziyaret-etti","status":"publish","type":"post","link":"https:\/\/archive.sana.sy\/tr\/?p=289046","title":{"rendered":"Farkl\u0131 Milletlerden Bir Turist Grubu Busra El\u00a0 \u015eam Antik Kentini Ziyaret Etti"},"content":{"rendered":"<p style=\"text-align: justify;\"><strong>DERA <\/strong><strong>29 EYL\u00dcL<\/strong><strong>\u00a0<\/strong><strong>(SANA) <\/strong>&#8211; Farkl\u0131 milletlerden olu\u015fan bir turist grubu, antik eserleri, kentsel ve tarihi yerleri g\u00f6rmek i\u00e7in arkeolojik kent Busra El \u015eam&#8217;\u0131 ziyaret etti.<\/p>\n<p style=\"text-align: justify;\">\u0130spanyol turist Rogel Fortes, SANA muhabirine yapt\u0131\u011f\u0131 a\u00e7\u0131klamada Busra&#8217;y\u0131 ziyaret etmekten ve burada birbirini takip eden medeniyetlerin b\u00fcy\u00fckl\u00fc\u011f\u00fcn\u00fc \u00f6\u011frenmekten duydu\u011fu mutlulu\u011fu dile getirdi.<img decoding=\"async\" class=\"alignright\" src=\"http:\/\/sana.sy\/wp-content\/uploads\/2023\/09\/2-7-1-300x225.jpg\" \/><\/p>\n<p style=\"text-align: justify;\">Kendi y\u00f6n\u00fcnden Amerikal\u0131 mimar Kevin Martinko ise daha \u00f6nce \u015fehirde ya\u015fayan insanlar\u0131n bu b\u00fcy\u00fckl\u00fckteki binalar\u0131, \u00f6zellikle de bir mimarl\u0131k okulu olarak kabul edilen tiyatroyu tasarlama yetene\u011fine dikkat \u00e7ekti.<\/p>\n<p style=\"text-align: justify;\">\u0130ngiliz doktor Maria Sajek ise, bar\u0131nd\u0131rd\u0131\u011f\u0131 pek \u00e7ok pitoresk arkeolojik alan nedeniyle m\u00fcze olarak tan\u0131mlad\u0131\u011f\u0131 Busra&#8217;daki arkeolojik hazinelerin korunmas\u0131n\u0131n gereklili\u011fine i\u015faret etti.<\/p>\n<p style=\"text-align: justify;\">Gruptan Avustralyal\u0131 \u015firketin y\u00f6neticisi Michel Pigot da Suriye&#8217;nin ziyaret\u00e7ilere g\u00f6sterdi\u011fi ilgi ve kar\u015f\u0131lamaya vurgulad\u0131.<\/p>\n<p style=\"text-align: justify;\">Portekizli turist Paulo Conz Alves, miras meseleleriyle ilgilenen uluslararas\u0131 kurulu\u015flar\u0131n Busra&#8217;daki arkeolojik yap\u0131ya dikkat etmesi gerekti\u011fini kaydetti.<\/p>\n<p style=\"text-align: justify;\">Tur rehberi Ey\u00fcb El Samadi, ziyaret\u00e7ilerin Busra&#8217;ya, antik eserlerine ve k\u00fclt\u00fcrel miras\u0131na olan ilgi ve hayranl\u0131\u011f\u0131na dikkat \u00e7ekti.<\/p>\n<div id='gallery-1' class='gallery galleryid-289046 gallery-columns-2 gallery-size-full'><figure class='gallery-item'>\n\t\t\t<div class='gallery-icon landscape'>\n\t\t\t\t<a href='https:\/\/archive.sana.sy\/tr\/?attachment_id=289051'><img loading=\"lazy\" decoding=\"async\" width=\"660\" height=\"495\" src=\"https:\/\/archive.sana.sy\/tr\/wp-content\/uploads\/2023\/09\/2-2-5.jpg\" class=\"attachment-full size-full\" alt=\"\" srcset=\"https:\/\/archive.sana.sy\/tr\/wp-content\/uploads\/2023\/09\/2-2-5.jpg 660w, https:\/\/archive.sana.sy\/tr\/wp-content\/uploads\/2023\/09\/2-2-5-300x225.jpg 300w\" sizes=\"auto, (max-width: 660px) 100vw, 660px\" \/><\/a>\n\t\t\t<\/div><\/figure><figure class='gallery-item'>\n\t\t\t<div class='gallery-icon landscape'>\n\t\t\t\t<a href='https:\/\/archive.sana.sy\/tr\/?attachment_id=289049'><img loading=\"lazy\" decoding=\"async\" width=\"660\" height=\"496\" src=\"https:\/\/archive.sana.sy\/tr\/wp-content\/uploads\/2023\/09\/2-8-2.jpg\" class=\"attachment-full size-full\" alt=\"\" srcset=\"https:\/\/archive.sana.sy\/tr\/wp-content\/uploads\/2023\/09\/2-8-2.jpg 660w, https:\/\/archive.sana.sy\/tr\/wp-content\/uploads\/2023\/09\/2-8-2-300x225.jpg 300w\" sizes=\"auto, (max-width: 660px) 100vw, 660px\" \/><\/a>\n\t\t\t<\/div><\/figure><figure class='gallery-item'>\n\t\t\t<div class='gallery-icon landscape'>\n\t\t\t\t<a href='https:\/\/archive.sana.sy\/tr\/?attachment_id=289050'><img loading=\"lazy\" decoding=\"async\" width=\"660\" height=\"581\" src=\"https:\/\/archive.sana.sy\/tr\/wp-content\/uploads\/2023\/09\/2-9-1.jpg\" class=\"attachment-full size-full\" alt=\"\" srcset=\"https:\/\/archive.sana.sy\/tr\/wp-content\/uploads\/2023\/09\/2-9-1.jpg 660w, https:\/\/archive.sana.sy\/tr\/wp-content\/uploads\/2023\/09\/2-9-1-300x264.jpg 300w\" sizes=\"auto, (max-width: 660px) 100vw, 660px\" \/><\/a>\n\t\t\t<\/div><\/figure><figure class='gallery-item'>\n\t\t\t<div class='gallery-icon landscape'>\n\t\t\t\t<a href='https:\/\/archive.sana.sy\/tr\/?attachment_id=289048'><img loading=\"lazy\" decoding=\"async\" width=\"660\" height=\"495\" src=\"https:\/\/archive.sana.sy\/tr\/wp-content\/uploads\/2023\/09\/2-4-4.jpg\" class=\"attachment-full size-full\" alt=\"\" srcset=\"https:\/\/archive.sana.sy\/tr\/wp-content\/uploads\/2023\/09\/2-4-4.jpg 660w, https:\/\/archive.sana.sy\/tr\/wp-content\/uploads\/2023\/09\/2-4-4-300x225.jpg 300w\" sizes=\"auto, (max-width: 660px) 100vw, 660px\" \/><\/a>\n\t\t\t<\/div><\/figure>\n\t\t<\/div>\n\n<p><a href=\"https:\/\/t.me\/SuriyeArapHaberAjansI\">Telegram Kanal\u0131m\u0131z\u00a0<\/a><\/p>\n<p><a href=\"https:\/\/www.facebook.com\/SANAHaberAjansi\/\">Facebook Sayfam\u0131z<\/a><\/p>\n<p><a href=\"https:\/\/twitter.com\/arap_ajans\">Twitter Hesab\u0131m\u0131z<\/a><\/p>\n","protected":false},"excerpt":{"rendered":"<p>DERA 29 EYL\u00dcL\u00a0(SANA) &#8211; Farkl\u0131 milletlerden olu\u015fan bir turist grubu, antik eserleri, kentsel ve tarihi yerleri g\u00f6rmek i\u00e7in arkeolojik kent Busra El \u015eam&#8217;\u0131 ziyaret etti. \u0130spanyol turist Rogel Fortes, SANA muhabirine yapt\u0131\u011f\u0131 a\u00e7\u0131klamada Busra&#8217;y\u0131 ziyaret etmekten ve burada birbirini takip eden medeniyetlerin b\u00fcy\u00fckl\u00fc\u011f\u00fcn\u00fc \u00f6\u011frenmekten duydu\u011fu mutlulu\u011fu dile getirdi. Kendi y\u00f6n\u00fcnden Amerikal\u0131 mimar Kevin Martinko ise &hellip;<\/p>\n","protected":false},"author":41,"featured_media":289047,"comment_status":"closed","ping_status":"closed","sticky":false,"template":"","format":"standard","meta":{"footnotes":""},"categories":[479,17988,2553,478],"tags":[],"class_list":["post-289046","post","type-post","status-publish","format-standard","has-post-thumbnail","","category-haberler-yerel","category-son-haberler","category-turizm","category-yerel"],"_links":{"self":[{"href":"https:\/\/archive.sana.sy\/tr\/index.php?rest_route=\/wp\/v2\/posts\/289046","targetHints":{"allow":["GET"]}}],"collection":[{"href":"https:\/\/archive.sana.sy\/tr\/index.php?rest_route=\/wp\/v2\/posts"}],"about":[{"href":"https:\/\/archive.sana.sy\/tr\/index.php?rest_route=\/wp\/v2\/types\/post"}],"author":[{"embeddable":true,"href":"https:\/\/archive.sana.sy\/tr\/index.php?rest_route=\/wp\/v2\/users\/41"}],"replies":[{"embeddable":true,"href":"https:\/\/archive.sana.sy\/tr\/index.php?rest_route=%2Fwp%2Fv2%2Fcomments&post=289046"}],"version-history":[{"count":1,"href":"https:\/\/archive.sana.sy\/tr\/index.php?rest_route=\/wp\/v2\/posts\/289046\/revisions"}],"predecessor-version":[{"id":289052,"href":"https:\/\/archive.sana.sy\/tr\/index.php?rest_route=\/wp\/v2\/posts\/289046\/revisions\/289052"}],"wp:featuredmedia":[{"embeddable":true,"href":"https:\/\/archive.sana.sy\/tr\/index.php?rest_route=\/wp\/v2\/media\/289047"}],"wp:attachment":[{"href":"https:\/\/archive.sana.sy\/tr\/index.php?rest_route=%2Fwp%2Fv2%2Fmedia&parent=289046"}],"wp:term":[{"taxonomy":"category","embeddable":true,"href":"https:\/\/archive.sana.sy\/tr\/index.php?rest_route=%2Fwp%2Fv2%2Fcategories&post=289046"},{"taxonomy":"post_tag","embeddable":true,"href":"https:\/\/archive.sana.sy\/tr\/index.php?rest_route=%2Fwp%2Fv2%2Ftags&post=289046"}],"curies":[{"name":"wp","href":"https:\/\/api.w.org\/{rel}","templated":true}]}}