{"id":289063,"date":"2023-09-29T20:07:33","date_gmt":"2023-09-29T17:07:33","guid":{"rendered":"https:\/\/sana.sy\/tr\/?p=289063"},"modified":"2023-10-01T13:02:06","modified_gmt":"2023-10-01T10:02:06","slug":"lazkiye-ve-halep-kirsalinda-teror-orgutulerinin-mensuplarindan-bir-kismi-olduruldu-ve-3-iha-dusuruldu","status":"publish","type":"post","link":"https:\/\/archive.sana.sy\/tr\/?p=289063","title":{"rendered":"Lazkiye Ve Halep K\u0131rsal\u0131nda\u00a0Ter\u00f6r \u00d6rg\u00fct\u00fclerinin\u00a0 Mensuplar\u0131ndan Bir K\u0131sm\u0131 \u00d6ld\u00fcr\u00fcld\u00fc Ve 3 \u0130HA D\u00fc\u015f\u00fcr\u00fcld\u00fc"},"content":{"rendered":"<p style=\"text-align: justify;\"><strong>\u015eAM 29 EYL\u00dcL (SANA) <\/strong>-Silahl\u0131 kuvvetlerimize ba\u011fl\u0131 birimlerimiz Lazkiye ve Halep k\u0131rsal\u0131nda ter\u00f6r \u00f6rg\u00fct\u00fcne ait 3 \u0130HA&#8217;y\u0131 d\u00fc\u015f\u00fcrd\u00fc. Birimlerimiz bu \u00f6rg\u00fctlerin kararg\u00e2hlar\u0131n\u0131 top at\u0131\u015flar\u0131yla hedef alarak, \u00f6rg\u00fct mensuplar\u0131ndan bir k\u0131sm\u0131n\u0131\u00a0 \u00f6ld\u00fcrd\u00fc ve\u00a0 d\u00f6rt tekerlekten \u00e7eki\u015fli bir arac\u0131 i\u00e7indekileriyle birlikte imha etti.<\/p>\n<p style=\"text-align: justify;\">Savunma Bakanl\u0131\u011f\u0131 bug\u00fcn Facebook sayfas\u0131nda, \u201cSilahl\u0131 ter\u00f6r \u00f6rg\u00fctleri Halep, Lazkiye ve \u0130dlib k\u0131rsal\u0131nda sivil halka ve askeri noktalara y\u00f6nelik sald\u0131r\u0131lar\u0131n\u0131 s\u00fcrd\u00fcr\u00fcyor. Bunlardan sonuncusu \u00e7ok say\u0131da \u0130HA ile ger\u00e7ekle\u015ftirilen sald\u0131r\u0131d\u0131r. G\u00fc\u00e7lerimiz Lazkiye&#8217;nin kuzey k\u0131rsal\u0131nda 2, Halep&#8217;in bat\u0131 k\u0131rsal\u0131nda ise 1 insans\u0131z hava arac\u0131n\u0131 d\u00fc\u015f\u00fcrmeyi ba\u015fard\u0131&#8221; dedi.<\/p>\n<p style=\"text-align: justify;\">Bakanl\u0131k a\u00e7\u0131klamas\u0131na da \u015funlar\u0131 ekledi: \u201cBu sald\u0131r\u0131lara kar\u015f\u0131l\u0131k silahl\u0131 kuvvetlerimize ba\u011fl\u0131 birimler s\u00f6z konusu b\u00f6lgelerdeki kurulu\u015flar\u0131n karargahlar\u0131na hassas top\u00e7u ate\u015fi a\u00e7m\u0131\u015ft\u0131r. Bu da aralar\u0131nda ter\u00f6rist Ebu Mervan \u0130zzo&#8217;nun da bulundu\u011fu \u00e7ok say\u0131da ter\u00f6ristin \u00f6ld\u00fcr\u00fclmesine ve yaralanmas\u0131na yol a\u00e7t\u0131. G\u00fc\u00e7lerimiz ayr\u0131ca Halep&#8217;in bat\u0131 k\u0131rsal\u0131nda aralar\u0131nda ter\u00f6ristlerin de bulundu\u011fu 4 \u00e7eker bir arac\u0131 imha etmeyi ba\u015fard\u0131.&#8221;<\/p>\n<p><iframe loading=\"lazy\" title=\"\u0642\u0648\u0627\u062a\u0646\u0627 \u0627\u0644\u0645\u0633\u0644\u062d\u0629 \u062a\u0633\u0642\u0637 \u062b\u0644\u0627\u062b \u0645\u0633\u064a\u0651\u0631\u0627\u062a \u0644\u0644\u062a\u0646\u0638\u064a\u0645\u0627\u062a \u0627\u0644\u0625\u0631\u0647\u0627\u0628\u064a\u0629 \u0641\u064a \u0631\u064a\u0641\u064a \u0627\u0644\u0644\u0627\u0630\u0642\u064a\u0629 \u0648\u062d\u0644\u0628\" width=\"618\" height=\"348\" src=\"https:\/\/www.youtube.com\/embed\/QtWQKHChDqI?feature=oembed\" frameborder=\"0\" allow=\"accelerometer; autoplay; clipboard-write; encrypted-media; gyroscope; picture-in-picture; web-share\" referrerpolicy=\"strict-origin-when-cross-origin\" allowfullscreen><\/iframe><\/p>\n<p><a href=\"https:\/\/t.me\/SuriyeArapHaberAjansI\">Telegram Kanal\u0131m\u0131z\u00a0<\/a><\/p>\n<p><a href=\"https:\/\/www.facebook.com\/SANAHaberAjansi\/\">Facebook Sayfam\u0131z<\/a><\/p>\n<p><a href=\"https:\/\/twitter.com\/arap_ajans\">Twitter Hesab\u0131m\u0131z<\/a><\/p>\n","protected":false},"excerpt":{"rendered":"<p>\u015eAM 29 EYL\u00dcL (SANA) -Silahl\u0131 kuvvetlerimize ba\u011fl\u0131 birimlerimiz Lazkiye ve Halep k\u0131rsal\u0131nda ter\u00f6r \u00f6rg\u00fct\u00fcne ait 3 \u0130HA&#8217;y\u0131 d\u00fc\u015f\u00fcrd\u00fc. Birimlerimiz bu \u00f6rg\u00fctlerin kararg\u00e2hlar\u0131n\u0131 top at\u0131\u015flar\u0131yla hedef alarak, \u00f6rg\u00fct mensuplar\u0131ndan bir k\u0131sm\u0131n\u0131\u00a0 \u00f6ld\u00fcrd\u00fc ve\u00a0 d\u00f6rt tekerlekten \u00e7eki\u015fli bir arac\u0131 i\u00e7indekileriyle birlikte imha etti. Savunma Bakanl\u0131\u011f\u0131 bug\u00fcn Facebook sayfas\u0131nda, \u201cSilahl\u0131 ter\u00f6r \u00f6rg\u00fctleri Halep, Lazkiye ve \u0130dlib k\u0131rsal\u0131nda sivil &hellip;<\/p>\n","protected":false},"author":41,"featured_media":289064,"comment_status":"closed","ping_status":"closed","sticky":false,"template":"","format":"standard","meta":{"footnotes":""},"categories":[479,575,17988,478],"tags":[],"class_list":["post-289063","post","type-post","status-publish","format-standard","has-post-thumbnail","","category-haberler-yerel","category-olaylar-ve-gercekler","category-son-haberler","category-yerel"],"_links":{"self":[{"href":"https:\/\/archive.sana.sy\/tr\/index.php?rest_route=\/wp\/v2\/posts\/289063","targetHints":{"allow":["GET"]}}],"collection":[{"href":"https:\/\/archive.sana.sy\/tr\/index.php?rest_route=\/wp\/v2\/posts"}],"about":[{"href":"https:\/\/archive.sana.sy\/tr\/index.php?rest_route=\/wp\/v2\/types\/post"}],"author":[{"embeddable":true,"href":"https:\/\/archive.sana.sy\/tr\/index.php?rest_route=\/wp\/v2\/users\/41"}],"replies":[{"embeddable":true,"href":"https:\/\/archive.sana.sy\/tr\/index.php?rest_route=%2Fwp%2Fv2%2Fcomments&post=289063"}],"version-history":[{"count":6,"href":"https:\/\/archive.sana.sy\/tr\/index.php?rest_route=\/wp\/v2\/posts\/289063\/revisions"}],"predecessor-version":[{"id":289116,"href":"https:\/\/archive.sana.sy\/tr\/index.php?rest_route=\/wp\/v2\/posts\/289063\/revisions\/289116"}],"wp:featuredmedia":[{"embeddable":true,"href":"https:\/\/archive.sana.sy\/tr\/index.php?rest_route=\/wp\/v2\/media\/289064"}],"wp:attachment":[{"href":"https:\/\/archive.sana.sy\/tr\/index.php?rest_route=%2Fwp%2Fv2%2Fmedia&parent=289063"}],"wp:term":[{"taxonomy":"category","embeddable":true,"href":"https:\/\/archive.sana.sy\/tr\/index.php?rest_route=%2Fwp%2Fv2%2Fcategories&post=289063"},{"taxonomy":"post_tag","embeddable":true,"href":"https:\/\/archive.sana.sy\/tr\/index.php?rest_route=%2Fwp%2Fv2%2Ftags&post=289063"}],"curies":[{"name":"wp","href":"https:\/\/api.w.org\/{rel}","templated":true}]}}