{"id":289093,"date":"2023-09-30T17:12:05","date_gmt":"2023-09-30T14:12:05","guid":{"rendered":"https:\/\/sana.sy\/tr\/?p=289093"},"modified":"2023-10-02T13:44:02","modified_gmt":"2023-10-02T10:44:02","slug":"suriye-iletisim-bolumu-ve-arap-icisleri-bakanlari-konseyi-organlarinin-tunustaki-toplantilarina-katildi","status":"publish","type":"post","link":"https:\/\/archive.sana.sy\/tr\/?p=289093","title":{"rendered":"Suriye, \u0130leti\u015fim B\u00f6l\u00fcm\u00fc Ve Arap \u0130\u00e7i\u015fleri Bakanlar\u0131 Konseyi Organlar\u0131n\u0131n Tunus&#8217;taki Toplant\u0131lar\u0131na Kat\u0131ld\u0131"},"content":{"rendered":"<p style=\"text-align: justify;\"><strong>TUNUS 30 EYL\u00dcL (SANA)<\/strong> &#8211; Suriye, Tunus&#8217;taki Arap \u0130\u00e7i\u015fleri Bakanlar\u0131 Konseyi Genel Sekreterli\u011fi&#8217;nin merkezinde \u0130leti\u015fim B\u00f6l\u00fcm\u00fc temsilcilerinin kat\u0131ld\u0131\u011f\u0131 bir toplant\u0131ya ve Arap \u0130\u00e7i\u015fleri Bakanlar\u0131 Konseyi organlar\u0131n\u0131n koordinasyon toplant\u0131lar\u0131na kat\u0131ld\u0131.<\/p>\n<p style=\"text-align: justify;\">\u0130\u00e7i\u015fleri Bakanl\u0131\u011f\u0131 internet sitesinde yay\u0131nlanan a\u00e7\u0131klamada, \u2018\u2019Suriye, Kriminal G\u00fcvenlik Departman\u0131ndaki Arap ve Uluslararas\u0131 Kriminal Polis \u015eubesi Ba\u015fkan\u0131 (\u015eam \u0130rtibat B\u00f6l\u00fcm\u00fc Ba\u015fkan\u0131) arac\u0131l\u0131\u011f\u0131yla, \u00a0cezai kovu\u015fturmayla ilgili konular\u0131 g\u00f6r\u00fc\u015fmek \u00fczere \u0130leti\u015fim B\u00f6l\u00fcm\u00fc temsilcilerinin \u00fc\u00e7\u00fcnc\u00fc toplant\u0131s\u0131na \u00a0ve Arap \u0130\u00e7i\u015fleri Bakanlar\u0131 Konseyi organlar\u0131n\u0131n Tunus&#8217;taki Arap \u0130\u00e7i\u015fleri Bakanlar\u0131 Konseyi Genel Sekreterli\u011fi genel merkezinde d\u00fczenlenen otuz sekizinci koordinasyon toplant\u0131s\u0131na kat\u0131ld\u0131\u2019\u2019 dedi.<\/p>\n<p><a href=\"https:\/\/t.me\/SuriyeArapHaberAjansI\">Telegram Kanal\u0131m\u0131z\u00a0<\/a><\/p>\n<p><a href=\"https:\/\/www.facebook.com\/SANAHaberAjansi\/\">Facebook Sayfam\u0131z<\/a><\/p>\n<p><a href=\"https:\/\/twitter.com\/arap_ajans\">Twitter Hesab\u0131m\u0131z<\/a><\/p>\n","protected":false},"excerpt":{"rendered":"<p>TUNUS 30 EYL\u00dcL (SANA) &#8211; Suriye, Tunus&#8217;taki Arap \u0130\u00e7i\u015fleri Bakanlar\u0131 Konseyi Genel Sekreterli\u011fi&#8217;nin merkezinde \u0130leti\u015fim B\u00f6l\u00fcm\u00fc temsilcilerinin kat\u0131ld\u0131\u011f\u0131 bir toplant\u0131ya ve Arap \u0130\u00e7i\u015fleri Bakanlar\u0131 Konseyi organlar\u0131n\u0131n koordinasyon toplant\u0131lar\u0131na kat\u0131ld\u0131. \u0130\u00e7i\u015fleri Bakanl\u0131\u011f\u0131 internet sitesinde yay\u0131nlanan a\u00e7\u0131klamada, \u2018\u2019Suriye, Kriminal G\u00fcvenlik Departman\u0131ndaki Arap ve Uluslararas\u0131 Kriminal Polis \u015eubesi Ba\u015fkan\u0131 (\u015eam \u0130rtibat B\u00f6l\u00fcm\u00fc Ba\u015fkan\u0131) arac\u0131l\u0131\u011f\u0131yla, \u00a0cezai kovu\u015fturmayla ilgili konular\u0131 &hellip;<\/p>\n","protected":false},"author":41,"featured_media":289094,"comment_status":"closed","ping_status":"closed","sticky":false,"template":"","format":"standard","meta":{"footnotes":""},"categories":[458,459,17988],"tags":[39939,16591],"class_list":["post-289093","post","type-post","status-publish","format-standard","has-post-thumbnail","","category-dunya1","category-haberler-arap-uluslararasi-politika","category-son-haberler","tag-iletisim-bolumu-ve-arap-icisleri-bakanlari-konseyi-organlarinin-tunustaki-toplantilarina-katildi","tag-suriye"],"_links":{"self":[{"href":"https:\/\/archive.sana.sy\/tr\/index.php?rest_route=\/wp\/v2\/posts\/289093","targetHints":{"allow":["GET"]}}],"collection":[{"href":"https:\/\/archive.sana.sy\/tr\/index.php?rest_route=\/wp\/v2\/posts"}],"about":[{"href":"https:\/\/archive.sana.sy\/tr\/index.php?rest_route=\/wp\/v2\/types\/post"}],"author":[{"embeddable":true,"href":"https:\/\/archive.sana.sy\/tr\/index.php?rest_route=\/wp\/v2\/users\/41"}],"replies":[{"embeddable":true,"href":"https:\/\/archive.sana.sy\/tr\/index.php?rest_route=%2Fwp%2Fv2%2Fcomments&post=289093"}],"version-history":[{"count":2,"href":"https:\/\/archive.sana.sy\/tr\/index.php?rest_route=\/wp\/v2\/posts\/289093\/revisions"}],"predecessor-version":[{"id":289098,"href":"https:\/\/archive.sana.sy\/tr\/index.php?rest_route=\/wp\/v2\/posts\/289093\/revisions\/289098"}],"wp:featuredmedia":[{"embeddable":true,"href":"https:\/\/archive.sana.sy\/tr\/index.php?rest_route=\/wp\/v2\/media\/289094"}],"wp:attachment":[{"href":"https:\/\/archive.sana.sy\/tr\/index.php?rest_route=%2Fwp%2Fv2%2Fmedia&parent=289093"}],"wp:term":[{"taxonomy":"category","embeddable":true,"href":"https:\/\/archive.sana.sy\/tr\/index.php?rest_route=%2Fwp%2Fv2%2Fcategories&post=289093"},{"taxonomy":"post_tag","embeddable":true,"href":"https:\/\/archive.sana.sy\/tr\/index.php?rest_route=%2Fwp%2Fv2%2Ftags&post=289093"}],"curies":[{"name":"wp","href":"https:\/\/api.w.org\/{rel}","templated":true}]}}