{"id":289105,"date":"2023-10-01T11:11:20","date_gmt":"2023-10-01T08:11:20","guid":{"rendered":"https:\/\/sana.sy\/tr\/?p=289105"},"modified":"2023-10-04T08:48:55","modified_gmt":"2023-10-04T05:48:55","slug":"rus-gucleri-50-ukraynali-militani-etkisiz-hale-getirdi","status":"publish","type":"post","link":"https:\/\/archive.sana.sy\/tr\/?p=289105","title":{"rendered":"Rus G\u00fc\u00e7leri 50 Ukraynal\u0131 Militan\u0131 Etkisiz Hale Getirdi"},"content":{"rendered":"<p style=\"text-align: justify;\"><strong>MOSKOVA 01 Ekim (SANA)<\/strong> \u2013 Rus g\u00fc\u00e7leri, aralar\u0131nda Nazi Azov ter\u00f6r \u00f6rg\u00fct\u00fcn\u00fcn militanlar\u0131n\u0131n da bulundu\u011fu 50 Ukraynal\u0131 askeri etkisiz hale getirdi.<\/p>\n<p style=\"text-align: justify;\">Sputnik\u2019in haberine g\u00f6re, Rusya Merkez Kuvvetler Grubu bas\u0131n merkezi ba\u015fkan\u0131 Yarbay Alexander Savchuk&#8217;un yapt\u0131\u011f\u0131 a\u00e7\u0131klamada, &#8220;Rus kuvvetlerinin, top\u00e7u ve hava deste\u011fiyle, Torsky s\u0131n\u0131r\u0131 b\u00f6lgesindeki Krasny Liman y\u00f6n\u00fcnde ve Serebryansky Orman\u0131 b\u00f6lgesinde Ukrayna rejim g\u00fc\u00e7lerine ait gruplara a\u011f\u0131r hasar vererek 50&#8217;den fazla askerin hayat\u0131n\u0131 kaybetmesine neden oldu\u201d dedi.<\/p>\n<p style=\"text-align: justify;\">Savchuk ayr\u0131ca, &#8220;Rus kuvvetlerinin, bir z\u0131rhl\u0131 sava\u015f arac\u0131 ve bir d\u00fc\u015fman kamyoneti imha etti, hava savunma sistemleri bir Ukrayna insans\u0131z hava arac\u0131n\u0131 d\u00fc\u015f\u00fcrd\u00fc ve Hava Kuvvetleri ayr\u0131ca Torsk b\u00f6lgesindeki bir komuta ve kontrol merkezi ile Ukrayna kuvvetlerine ait ge\u00e7ici bir konu\u015flanma noktas\u0131na da darbeleri d\u00fczenledi&#8221; belirtti.<\/p>\n<p><a href=\"https:\/\/t.me\/SuriyeArapHaberAjansI\">Telegram Kanal\u0131m\u0131z\u00a0<\/a><\/p>\n<p><a href=\"https:\/\/www.facebook.com\/SANAHaberAjansi\/\">Facebook Sayfam\u0131z<\/a><\/p>\n<p><a href=\"https:\/\/twitter.com\/arap_ajans\">Twitter Hesab\u0131m\u0131z<\/a><\/p>\n","protected":false},"excerpt":{"rendered":"<p>MOSKOVA 01 Ekim (SANA) \u2013 Rus g\u00fc\u00e7leri, aralar\u0131nda Nazi Azov ter\u00f6r \u00f6rg\u00fct\u00fcn\u00fcn militanlar\u0131n\u0131n da bulundu\u011fu 50 Ukraynal\u0131 askeri etkisiz hale getirdi. Sputnik\u2019in haberine g\u00f6re, Rusya Merkez Kuvvetler Grubu bas\u0131n merkezi ba\u015fkan\u0131 Yarbay Alexander Savchuk&#8217;un yapt\u0131\u011f\u0131 a\u00e7\u0131klamada, &#8220;Rus kuvvetlerinin, top\u00e7u ve hava deste\u011fiyle, Torsky s\u0131n\u0131r\u0131 b\u00f6lgesindeki Krasny Liman y\u00f6n\u00fcnde ve Serebryansky Orman\u0131 b\u00f6lgesinde Ukrayna rejim g\u00fc\u00e7lerine &hellip;<\/p>\n","protected":false},"author":39,"featured_media":289106,"comment_status":"closed","ping_status":"closed","sticky":false,"template":"","format":"standard","meta":{"footnotes":""},"categories":[458,459,17988],"tags":[],"class_list":["post-289105","post","type-post","status-publish","format-standard","has-post-thumbnail","","category-dunya1","category-haberler-arap-uluslararasi-politika","category-son-haberler"],"_links":{"self":[{"href":"https:\/\/archive.sana.sy\/tr\/index.php?rest_route=\/wp\/v2\/posts\/289105","targetHints":{"allow":["GET"]}}],"collection":[{"href":"https:\/\/archive.sana.sy\/tr\/index.php?rest_route=\/wp\/v2\/posts"}],"about":[{"href":"https:\/\/archive.sana.sy\/tr\/index.php?rest_route=\/wp\/v2\/types\/post"}],"author":[{"embeddable":true,"href":"https:\/\/archive.sana.sy\/tr\/index.php?rest_route=\/wp\/v2\/users\/39"}],"replies":[{"embeddable":true,"href":"https:\/\/archive.sana.sy\/tr\/index.php?rest_route=%2Fwp%2Fv2%2Fcomments&post=289105"}],"version-history":[{"count":2,"href":"https:\/\/archive.sana.sy\/tr\/index.php?rest_route=\/wp\/v2\/posts\/289105\/revisions"}],"predecessor-version":[{"id":289108,"href":"https:\/\/archive.sana.sy\/tr\/index.php?rest_route=\/wp\/v2\/posts\/289105\/revisions\/289108"}],"wp:featuredmedia":[{"embeddable":true,"href":"https:\/\/archive.sana.sy\/tr\/index.php?rest_route=\/wp\/v2\/media\/289106"}],"wp:attachment":[{"href":"https:\/\/archive.sana.sy\/tr\/index.php?rest_route=%2Fwp%2Fv2%2Fmedia&parent=289105"}],"wp:term":[{"taxonomy":"category","embeddable":true,"href":"https:\/\/archive.sana.sy\/tr\/index.php?rest_route=%2Fwp%2Fv2%2Fcategories&post=289105"},{"taxonomy":"post_tag","embeddable":true,"href":"https:\/\/archive.sana.sy\/tr\/index.php?rest_route=%2Fwp%2Fv2%2Ftags&post=289105"}],"curies":[{"name":"wp","href":"https:\/\/api.w.org\/{rel}","templated":true}]}}