{"id":289109,"date":"2023-10-01T14:22:10","date_gmt":"2023-10-01T11:22:10","guid":{"rendered":"https:\/\/sana.sy\/tr\/?p=289109"},"modified":"2023-10-04T08:49:05","modified_gmt":"2023-10-04T05:49:05","slug":"ankarada-icisleri-bakanligi-binasi-yakininda-patlama","status":"publish","type":"post","link":"https:\/\/archive.sana.sy\/tr\/?p=289109","title":{"rendered":"T\u00fcrkiye.. Ankara&#8217;da \u0130\u00e7i\u015fleri Bakanl\u0131\u011f\u0131 Binas\u0131 \u00d6n\u00fcnde Meydana Gelen Bombal\u0131 Sald\u0131r\u0131da \u0130ki Polis Yaraland\u0131"},"content":{"rendered":"<p style=\"text-align: justify;\"><strong>ANKARA 01 Ekim (SANA) \u2013<\/strong>T\u00fcrk yetkililer, ba\u015fkent Ankara&#8217;n\u0131n merkez K\u0131z\u0131lay il\u00e7esinde bug\u00fcn \u0130\u00e7i\u015fleri Bakanl\u0131\u011f\u0131 binas\u0131 \u00f6n\u00fcnde meydana gelen patlama sonras\u0131nda iki polisin yaraland\u0131\u011f\u0131n\u0131 duyurdu.<\/p>\n<p style=\"text-align: justify;\">Anadolu Haber Ajans\u0131, T\u00fcrk rejiminin \u0130\u00e7i\u015fleri Bakan\u0131 Ali Yerlikaya&#8217;n\u0131n bir a\u00e7\u0131klamas\u0131nda,\u00a0&#8220;Ankara&#8217;da Emniyet Genel M\u00fcd\u00fcrl\u00fc\u011f\u00fc \u00f6n\u00fcnde silahl\u0131 iki ki\u015finin patlay\u0131c\u0131y\u0131 patlatmas\u0131 sonucu iki polis memuru hafif yaraland\u0131. Biri ara\u00e7 i\u00e7inde kendini havaya u\u00e7urdu, di\u011feri ise etkisiz hale getirildi&#8221; dedi\u011fini aktard\u0131.<\/p>\n<p style=\"text-align: justify;\">Patlaman\u0131n ard\u0131ndan olay yerine itfaiye ve sa\u011fl\u0131k ekipleri gelirken, polis ekipleri de h\u0131zla b\u00f6lgeye giderek geni\u015f g\u00fcvenlik \u00f6nlemi ald\u0131.<\/p>\n<p style=\"text-align: justify;\"><a href=\"https:\/\/t.me\/SuriyeArapHaberAjansI\">Telegram Kanal\u0131m\u0131z\u00a0<\/a><\/p>\n<p style=\"text-align: justify;\"><a href=\"https:\/\/www.facebook.com\/SANAHaberAjansi\/\">Facebook Sayfam\u0131z<\/a><\/p>\n<p style=\"text-align: justify;\"><a href=\"https:\/\/twitter.com\/arap_ajans\">Twitter Hesab\u0131m\u0131z<\/a><\/p>\n","protected":false},"excerpt":{"rendered":"<p>ANKARA 01 Ekim (SANA) \u2013T\u00fcrk yetkililer, ba\u015fkent Ankara&#8217;n\u0131n merkez K\u0131z\u0131lay il\u00e7esinde bug\u00fcn \u0130\u00e7i\u015fleri Bakanl\u0131\u011f\u0131 binas\u0131 \u00f6n\u00fcnde meydana gelen patlama sonras\u0131nda iki polisin yaraland\u0131\u011f\u0131n\u0131 duyurdu. Anadolu Haber Ajans\u0131, T\u00fcrk rejiminin \u0130\u00e7i\u015fleri Bakan\u0131 Ali Yerlikaya&#8217;n\u0131n bir a\u00e7\u0131klamas\u0131nda,\u00a0&#8220;Ankara&#8217;da Emniyet Genel M\u00fcd\u00fcrl\u00fc\u011f\u00fc \u00f6n\u00fcnde silahl\u0131 iki ki\u015finin patlay\u0131c\u0131y\u0131 patlatmas\u0131 sonucu iki polis memuru hafif yaraland\u0131. Biri ara\u00e7 i\u00e7inde kendini havaya &hellip;<\/p>\n","protected":false},"author":39,"featured_media":289110,"comment_status":"closed","ping_status":"closed","sticky":false,"template":"","format":"standard","meta":{"footnotes":""},"categories":[458,459,17988],"tags":[],"class_list":["post-289109","post","type-post","status-publish","format-standard","has-post-thumbnail","","category-dunya1","category-haberler-arap-uluslararasi-politika","category-son-haberler"],"_links":{"self":[{"href":"https:\/\/archive.sana.sy\/tr\/index.php?rest_route=\/wp\/v2\/posts\/289109","targetHints":{"allow":["GET"]}}],"collection":[{"href":"https:\/\/archive.sana.sy\/tr\/index.php?rest_route=\/wp\/v2\/posts"}],"about":[{"href":"https:\/\/archive.sana.sy\/tr\/index.php?rest_route=\/wp\/v2\/types\/post"}],"author":[{"embeddable":true,"href":"https:\/\/archive.sana.sy\/tr\/index.php?rest_route=\/wp\/v2\/users\/39"}],"replies":[{"embeddable":true,"href":"https:\/\/archive.sana.sy\/tr\/index.php?rest_route=%2Fwp%2Fv2%2Fcomments&post=289109"}],"version-history":[{"count":4,"href":"https:\/\/archive.sana.sy\/tr\/index.php?rest_route=\/wp\/v2\/posts\/289109\/revisions"}],"predecessor-version":[{"id":289158,"href":"https:\/\/archive.sana.sy\/tr\/index.php?rest_route=\/wp\/v2\/posts\/289109\/revisions\/289158"}],"wp:featuredmedia":[{"embeddable":true,"href":"https:\/\/archive.sana.sy\/tr\/index.php?rest_route=\/wp\/v2\/media\/289110"}],"wp:attachment":[{"href":"https:\/\/archive.sana.sy\/tr\/index.php?rest_route=%2Fwp%2Fv2%2Fmedia&parent=289109"}],"wp:term":[{"taxonomy":"category","embeddable":true,"href":"https:\/\/archive.sana.sy\/tr\/index.php?rest_route=%2Fwp%2Fv2%2Fcategories&post=289109"},{"taxonomy":"post_tag","embeddable":true,"href":"https:\/\/archive.sana.sy\/tr\/index.php?rest_route=%2Fwp%2Fv2%2Ftags&post=289109"}],"curies":[{"name":"wp","href":"https:\/\/api.w.org\/{rel}","templated":true}]}}