{"id":289112,"date":"2023-10-01T12:59:35","date_gmt":"2023-10-01T09:59:35","guid":{"rendered":"https:\/\/sana.sy\/tr\/?p=289112"},"modified":"2023-10-02T12:41:48","modified_gmt":"2023-10-02T09:41:48","slug":"mikdad-samdaki-irak-buyukelciliginde-hamdaniya-yangini-kurbanlarina-taziyelerini-sundu","status":"publish","type":"post","link":"https:\/\/archive.sana.sy\/tr\/?p=289112","title":{"rendered":"Mikdad, \u015eam&#8217;daki Irak B\u00fcy\u00fckel\u00e7ili\u011finde Hamdaniye Yang\u0131n\u0131 Kurbanlar\u0131 \u0130\u00e7in Taziyelerini Sundu"},"content":{"rendered":"<p style=\"text-align: justify;\"><strong>\u015eAM 01 Ekim (SANA)<\/strong> \u2013 Bug\u00fcn, D\u0131\u015fi\u015fleri ve Gurbet\u00e7iler Bakan\u0131 Faysal Mikdad, Kuzey Irak&#8217;\u0131n Ninava Valili\u011fi&#8217;nde\u00a0 meydana gelen korkun\u00e7 Hamdaniye yang\u0131n kazas\u0131n\u0131n kurbanlar\u0131 i\u00e7in \u015eam&#8217;daki Irak B\u00fcy\u00fckel\u00e7ili\u011fi&#8217;nin merkezinde taziyelerini sundu.<\/p>\n<p style=\"text-align: justify;\"><img loading=\"lazy\" decoding=\"async\" class=\"size-full wp-image-289139 alignright\" src=\"http:\/\/sana.sy\/tr\/wp-content\/uploads\/2023\/10\/WAS3350-copy-300x200-1.jpg\" alt=\"\" width=\"300\" height=\"200\" \/>Bakan Mikdad, Suriye halk\u0131, h\u00fck\u00fcmeti ve liderleri ad\u0131na Irak halk\u0131na ve Irak liderlerine s\u0131cak taziyelerini iletti ve gazetecilere yapt\u0131\u011f\u0131 a\u00e7\u0131klamada \u015funlar\u0131 s\u00f6yledi: \u201cNinava halk\u0131n\u0131n ba\u015f\u0131na gelen trajedi t\u00fcm Suriyeliler i\u00e7in bir trajedidir \u00e7\u00fcnk\u00fc Suriyeliler ile Irakl\u0131lar aras\u0131nda hi\u00e7bir fark yoktur. \u0130ki karde\u015f \u00fclkede ter\u00f6r, yapt\u0131r\u0131mlar ve i\u00e7 i\u015flerine m\u00fcdahale sorunlar\u0131n\u0131n yan\u0131 s\u0131ra insani a\u00e7\u0131dan da hepimiz s\u0131k\u0131nt\u0131 \u00e7ekiyoruz.\u201d<\/p>\n<p style=\"text-align: justify;\">Mikdad, Suriye&#8217;nin Irak&#8217;\u0131n ve karde\u015f halk\u0131n\u0131n yan\u0131nda oldu\u011funu ve onlarla olan asil ili\u015fkilerinden gurur duydu\u011funu vurgularken, \u2018\u2019Duyguda da, sevin\u00e7te de, ac\u0131da da tek bir halkt\u0131k, h\u00e2l\u00e2 da \u00f6yleyiz ve kalaca\u011f\u0131z, Irak&#8217;a bir zarar gelmemesini Cenab-\u0131 Allah&#8217;tan temenni ediyoruz\u2019\u2019 dedi.<\/p>\n<p style=\"text-align: justify;\">Bakan Mikdad&#8217;a, D\u0131\u015fi\u015fleri Bakanl\u0131\u011f\u0131 ve Gurbet\u00e7iler&#8217;in taziyelerini sunarken, Arap \u0130\u015fleri Dairesi Ba\u015fkan\u0131 B\u00fcy\u00fckel\u00e7i Riyad Abbas, \u0130leti\u015fim ve Protokol Dairesi M\u00fcd\u00fcr Yard\u0131mc\u0131s\u0131 B\u00fcy\u00fckel\u00e7i Unfuvan ve Medya Dairesi&#8217;nden Mazen Acan e\u015flik etti.<\/p>\n<div id='gallery-1' class='gallery galleryid-289112 gallery-columns-2 gallery-size-medium'><figure class='gallery-item'>\n\t\t\t<div class='gallery-icon landscape'>\n\t\t\t\t<a href='https:\/\/archive.sana.sy\/tr\/?attachment_id=289140'><img loading=\"lazy\" decoding=\"async\" width=\"300\" height=\"200\" src=\"https:\/\/archive.sana.sy\/tr\/wp-content\/uploads\/2023\/10\/WAS3313-copy-300x200.jpg\" class=\"attachment-medium size-medium\" alt=\"\" srcset=\"https:\/\/archive.sana.sy\/tr\/wp-content\/uploads\/2023\/10\/WAS3313-copy-300x200.jpg 300w, https:\/\/archive.sana.sy\/tr\/wp-content\/uploads\/2023\/10\/WAS3313-copy.jpg 660w\" sizes=\"auto, (max-width: 300px) 100vw, 300px\" \/><\/a>\n\t\t\t<\/div><\/figure><figure class='gallery-item'>\n\t\t\t<div class='gallery-icon landscape'>\n\t\t\t\t<a href='https:\/\/archive.sana.sy\/tr\/?attachment_id=289141'><img loading=\"lazy\" decoding=\"async\" width=\"300\" height=\"200\" src=\"https:\/\/archive.sana.sy\/tr\/wp-content\/uploads\/2023\/10\/WAS3302-copy-300x200.jpg\" class=\"attachment-medium size-medium\" alt=\"\" srcset=\"https:\/\/archive.sana.sy\/tr\/wp-content\/uploads\/2023\/10\/WAS3302-copy-300x200.jpg 300w, https:\/\/archive.sana.sy\/tr\/wp-content\/uploads\/2023\/10\/WAS3302-copy.jpg 660w\" sizes=\"auto, (max-width: 300px) 100vw, 300px\" \/><\/a>\n\t\t\t<\/div><\/figure><figure class='gallery-item'>\n\t\t\t<div class='gallery-icon landscape'>\n\t\t\t\t<a href='https:\/\/archive.sana.sy\/tr\/?attachment_id=289142'><img loading=\"lazy\" decoding=\"async\" width=\"300\" height=\"192\" src=\"https:\/\/archive.sana.sy\/tr\/wp-content\/uploads\/2023\/10\/WAS3282-copy-300x192.jpg\" class=\"attachment-medium size-medium\" alt=\"\" srcset=\"https:\/\/archive.sana.sy\/tr\/wp-content\/uploads\/2023\/10\/WAS3282-copy-300x192.jpg 300w, https:\/\/archive.sana.sy\/tr\/wp-content\/uploads\/2023\/10\/WAS3282-copy.jpg 660w\" sizes=\"auto, (max-width: 300px) 100vw, 300px\" \/><\/a>\n\t\t\t<\/div><\/figure><figure class='gallery-item'>\n\t\t\t<div class='gallery-icon landscape'>\n\t\t\t\t<a href='https:\/\/archive.sana.sy\/tr\/?attachment_id=289143'><img loading=\"lazy\" decoding=\"async\" width=\"300\" height=\"200\" src=\"https:\/\/archive.sana.sy\/tr\/wp-content\/uploads\/2023\/10\/WAS3280-copy-300x200.jpg\" class=\"attachment-medium size-medium\" alt=\"\" srcset=\"https:\/\/archive.sana.sy\/tr\/wp-content\/uploads\/2023\/10\/WAS3280-copy-300x200.jpg 300w, https:\/\/archive.sana.sy\/tr\/wp-content\/uploads\/2023\/10\/WAS3280-copy.jpg 660w\" sizes=\"auto, (max-width: 300px) 100vw, 300px\" \/><\/a>\n\t\t\t<\/div><\/figure>\n\t\t<\/div>\n\n<p style=\"text-align: justify;\"><a href=\"https:\/\/t.me\/SuriyeArapHaberAjansI\">Telegram Kanal\u0131m\u0131z\u00a0<\/a><\/p>\n<p style=\"text-align: justify;\"><a href=\"https:\/\/www.facebook.com\/SANAHaberAjansi\/\">Facebook Sayfam\u0131z<\/a><\/p>\n<p style=\"text-align: justify;\"><a href=\"https:\/\/twitter.com\/arap_ajans\">Twitter Hesab\u0131m\u0131z<\/a><\/p>\n","protected":false},"excerpt":{"rendered":"<p>\u015eAM 01 Ekim (SANA) \u2013 Bug\u00fcn, D\u0131\u015fi\u015fleri ve Gurbet\u00e7iler Bakan\u0131 Faysal Mikdad, Kuzey Irak&#8217;\u0131n Ninava Valili\u011fi&#8217;nde\u00a0 meydana gelen korkun\u00e7 Hamdaniye yang\u0131n kazas\u0131n\u0131n kurbanlar\u0131 i\u00e7in \u015eam&#8217;daki Irak B\u00fcy\u00fckel\u00e7ili\u011fi&#8217;nin merkezinde taziyelerini sundu. Bakan Mikdad, Suriye halk\u0131, h\u00fck\u00fcmeti ve liderleri ad\u0131na Irak halk\u0131na ve Irak liderlerine s\u0131cak taziyelerini iletti ve gazetecilere yapt\u0131\u011f\u0131 a\u00e7\u0131klamada \u015funlar\u0131 s\u00f6yledi: \u201cNinava halk\u0131n\u0131n ba\u015f\u0131na &hellip;<\/p>\n","protected":false},"author":39,"featured_media":289113,"comment_status":"closed","ping_status":"closed","sticky":false,"template":"","format":"standard","meta":{"footnotes":""},"categories":[479,17988,478],"tags":[38328,39940],"class_list":["post-289112","post","type-post","status-publish","format-standard","has-post-thumbnail","","category-haberler-yerel","category-son-haberler","category-yerel","tag-mikdad","tag-samdaki-irak-buyukelciliginde-hamdaniye-yangini-kurbanlarina-taziyelerini-sundu"],"_links":{"self":[{"href":"https:\/\/archive.sana.sy\/tr\/index.php?rest_route=\/wp\/v2\/posts\/289112","targetHints":{"allow":["GET"]}}],"collection":[{"href":"https:\/\/archive.sana.sy\/tr\/index.php?rest_route=\/wp\/v2\/posts"}],"about":[{"href":"https:\/\/archive.sana.sy\/tr\/index.php?rest_route=\/wp\/v2\/types\/post"}],"author":[{"embeddable":true,"href":"https:\/\/archive.sana.sy\/tr\/index.php?rest_route=\/wp\/v2\/users\/39"}],"replies":[{"embeddable":true,"href":"https:\/\/archive.sana.sy\/tr\/index.php?rest_route=%2Fwp%2Fv2%2Fcomments&post=289112"}],"version-history":[{"count":9,"href":"https:\/\/archive.sana.sy\/tr\/index.php?rest_route=\/wp\/v2\/posts\/289112\/revisions"}],"predecessor-version":[{"id":289160,"href":"https:\/\/archive.sana.sy\/tr\/index.php?rest_route=\/wp\/v2\/posts\/289112\/revisions\/289160"}],"wp:featuredmedia":[{"embeddable":true,"href":"https:\/\/archive.sana.sy\/tr\/index.php?rest_route=\/wp\/v2\/media\/289113"}],"wp:attachment":[{"href":"https:\/\/archive.sana.sy\/tr\/index.php?rest_route=%2Fwp%2Fv2%2Fmedia&parent=289112"}],"wp:term":[{"taxonomy":"category","embeddable":true,"href":"https:\/\/archive.sana.sy\/tr\/index.php?rest_route=%2Fwp%2Fv2%2Fcategories&post=289112"},{"taxonomy":"post_tag","embeddable":true,"href":"https:\/\/archive.sana.sy\/tr\/index.php?rest_route=%2Fwp%2Fv2%2Ftags&post=289112"}],"curies":[{"name":"wp","href":"https:\/\/api.w.org\/{rel}","templated":true}]}}