{"id":289120,"date":"2023-10-01T15:00:23","date_gmt":"2023-10-01T12:00:23","guid":{"rendered":"http:\/\/sana.sy\/tr\/?p=289120"},"modified":"2023-10-04T08:49:07","modified_gmt":"2023-10-04T05:49:07","slug":"suriyenin-katilimiyla-tahranda-uluslararasi-islam-birligi-konferansi-basladi","status":"publish","type":"post","link":"https:\/\/archive.sana.sy\/tr\/?p=289120","title":{"rendered":"Suriye&#8217;nin Kat\u0131l\u0131m\u0131yla Tahran&#8217;da Uluslararas\u0131 \u0130slam Birli\u011fi Konferans\u0131 Ba\u015flad\u0131"},"content":{"rendered":"<p style=\"text-align: justify;\"><strong>TAHRAN 01 EK\u0130M (SANA)<\/strong> &#8211; Uluslararas\u0131 \u0130slam Birli\u011fi Konferans\u0131&#8217;n\u0131n 37&#8217;nci oturumu bug\u00fcn Tahran&#8217;da, Suriyelilerin ve 41 \u00fclkeden 110 ayd\u0131n\u0131n kat\u0131l\u0131m\u0131yla ba\u015flad\u0131.<\/p>\n<p style=\"text-align: justify;\"><img loading=\"lazy\" decoding=\"async\" class=\"size-full wp-image-289122 alignright\" src=\"http:\/\/sana.sy\/tr\/wp-content\/uploads\/2023\/10\/photo_2023-10-01_12-18-47-300x183-1.jpg\" alt=\"\" width=\"300\" height=\"183\" \/>\u0130ran Cumhurba\u015fkan\u0131 \u0130brahim Reisi konferans\u0131n a\u00e7\u0131l\u0131\u015f\u0131nda yapt\u0131\u011f\u0131 konu\u015fmada, \u2018\u2019Bug\u00fcnk\u00fc ortak vizyonumuz normalle\u015fme ve teslimiyet de\u011fil, d\u00fc\u015fmanlar kar\u015f\u0131s\u0131nda kararl\u0131l\u0131k ve direni\u015ftir\u2019\u2019 diyerek, &#8220;Birli\u011fin k\u00fclt\u00fcrel, medya ve ekonomik sava\u015fla y\u00fczle\u015fmenin yolunu temsil etti\u011fini&#8221; vurgulad\u0131.<\/p>\n<p style=\"text-align: justify;\">Reisi, \u0130slam d\u00fcnyas\u0131n\u0131n \u00e7\u0131karlar\u0131n\u0131 korumak ve bunu bir m\u00fcfredat ve okul olarak g\u00f6rmek i\u00e7in uyum ve koordinasyon anlam\u0131na gelen \u0130slam birli\u011fine odaklanman\u0131n gereklili\u011fini vurgulad\u0131.<\/p>\n<p style=\"text-align: justify;\">Reisi ayr\u0131ca, d\u00fc\u015fman\u0131n \u0130slam milletinin birli\u011fiyle m\u00fccadele etti\u011fine, bu milletin birle\u015fmesini istemedi\u011fine dikkat \u00e7ekerek, Filistin&#8217;in kurtar\u0131lmas\u0131n\u0131n \u0130slam milleti i\u00e7in en \u00f6nemli mesele oldu\u011funu kaydetti.<\/p>\n<p style=\"text-align: justify;\">\u0130ran Cumhurba\u015fkan\u0131 Reisi konu\u015fmas\u0131nda, D\u00fcnya \u0130slam Birli\u011fi Konferans\u0131&#8217;n\u0131n d\u00fczenlenmesinin amac\u0131n\u0131n, M\u00fcsl\u00fcmanlar aras\u0131nda birlik ve beraberli\u011fi olu\u015fturmak, alimlerin bilimsel ve k\u00fclt\u00fcrel bak\u0131\u015f a\u00e7\u0131lar\u0131n\u0131 yak\u0131nla\u015ft\u0131rmak, \u0130slam birli\u011fini sa\u011flamak i\u00e7in \u00e7al\u0131\u015fmalar yapmak ve pratik \u00e7\u00f6z\u00fcmler sunmak oldu\u011funu a\u00e7\u0131klad\u0131.<\/p>\n<p style=\"text-align: justify;\">Uluslararas\u0131 \u0130slam Birli\u011fi Konferans\u0131 bu y\u0131lki oturumunda \u201cOrtak de\u011ferlerin kristalle\u015fmesi i\u00e7in \u0130slami i\u015fbirli\u011fi\u201d slogan\u0131 alt\u0131nda toplan\u0131yor.<\/p>\n<p style=\"text-align: justify;\"><a href=\"https:\/\/t.me\/SuriyeArapHaberAjansI\">Telegram Kanal\u0131m\u0131z\u00a0<\/a><\/p>\n<p style=\"text-align: justify;\"><a href=\"https:\/\/www.facebook.com\/SANAHaberAjansi\/\">Facebook Sayfam\u0131z<\/a><\/p>\n<p style=\"text-align: justify;\"><a href=\"https:\/\/twitter.com\/arap_ajans\">Twitter Hesab\u0131m\u0131z<\/a><\/p>\n","protected":false},"excerpt":{"rendered":"<p>TAHRAN 01 EK\u0130M (SANA) &#8211; Uluslararas\u0131 \u0130slam Birli\u011fi Konferans\u0131&#8217;n\u0131n 37&#8217;nci oturumu bug\u00fcn Tahran&#8217;da, Suriyelilerin ve 41 \u00fclkeden 110 ayd\u0131n\u0131n kat\u0131l\u0131m\u0131yla ba\u015flad\u0131. \u0130ran Cumhurba\u015fkan\u0131 \u0130brahim Reisi konferans\u0131n a\u00e7\u0131l\u0131\u015f\u0131nda yapt\u0131\u011f\u0131 konu\u015fmada, \u2018\u2019Bug\u00fcnk\u00fc ortak vizyonumuz normalle\u015fme ve teslimiyet de\u011fil, d\u00fc\u015fmanlar kar\u015f\u0131s\u0131nda kararl\u0131l\u0131k ve direni\u015ftir\u2019\u2019 diyerek, &#8220;Birli\u011fin k\u00fclt\u00fcrel, medya ve ekonomik sava\u015fla y\u00fczle\u015fmenin yolunu temsil etti\u011fini&#8221; vurgulad\u0131. Reisi, \u0130slam &hellip;<\/p>\n","protected":false},"author":41,"featured_media":289121,"comment_status":"closed","ping_status":"closed","sticky":false,"template":"","format":"standard","meta":{"footnotes":""},"categories":[458,459,17988],"tags":[39941],"class_list":["post-289120","post","type-post","status-publish","format-standard","has-post-thumbnail","","category-dunya1","category-haberler-arap-uluslararasi-politika","category-son-haberler","tag-suriyenin-katilimiyla-tahranda-uluslararasi-islam-birligi-konferansi-basladi"],"_links":{"self":[{"href":"https:\/\/archive.sana.sy\/tr\/index.php?rest_route=\/wp\/v2\/posts\/289120","targetHints":{"allow":["GET"]}}],"collection":[{"href":"https:\/\/archive.sana.sy\/tr\/index.php?rest_route=\/wp\/v2\/posts"}],"about":[{"href":"https:\/\/archive.sana.sy\/tr\/index.php?rest_route=\/wp\/v2\/types\/post"}],"author":[{"embeddable":true,"href":"https:\/\/archive.sana.sy\/tr\/index.php?rest_route=\/wp\/v2\/users\/41"}],"replies":[{"embeddable":true,"href":"https:\/\/archive.sana.sy\/tr\/index.php?rest_route=%2Fwp%2Fv2%2Fcomments&post=289120"}],"version-history":[{"count":1,"href":"https:\/\/archive.sana.sy\/tr\/index.php?rest_route=\/wp\/v2\/posts\/289120\/revisions"}],"predecessor-version":[{"id":289123,"href":"https:\/\/archive.sana.sy\/tr\/index.php?rest_route=\/wp\/v2\/posts\/289120\/revisions\/289123"}],"wp:featuredmedia":[{"embeddable":true,"href":"https:\/\/archive.sana.sy\/tr\/index.php?rest_route=\/wp\/v2\/media\/289121"}],"wp:attachment":[{"href":"https:\/\/archive.sana.sy\/tr\/index.php?rest_route=%2Fwp%2Fv2%2Fmedia&parent=289120"}],"wp:term":[{"taxonomy":"category","embeddable":true,"href":"https:\/\/archive.sana.sy\/tr\/index.php?rest_route=%2Fwp%2Fv2%2Fcategories&post=289120"},{"taxonomy":"post_tag","embeddable":true,"href":"https:\/\/archive.sana.sy\/tr\/index.php?rest_route=%2Fwp%2Fv2%2Ftags&post=289120"}],"curies":[{"name":"wp","href":"https:\/\/api.w.org\/{rel}","templated":true}]}}