{"id":289127,"date":"2023-10-01T08:16:17","date_gmt":"2023-10-01T05:16:17","guid":{"rendered":"http:\/\/sana.sy\/tr\/?p=289127"},"modified":"2023-10-02T13:44:07","modified_gmt":"2023-10-02T10:44:07","slug":"irak-icisleri-bakanligi-ninavadaki-hamdaniye-yangininin-nedenini-ve-olenlerin-sayisini-acikladi","status":"publish","type":"post","link":"https:\/\/archive.sana.sy\/tr\/?p=289127","title":{"rendered":"Irak \u0130\u00e7i\u015fleri Bakanl\u0131\u011f\u0131, Ninava&#8217;daki Hamdaniye Yang\u0131n\u0131n\u0131n Nedenini Ve \u00d6lenlerin Say\u0131s\u0131n\u0131 A\u00e7\u0131klad\u0131"},"content":{"rendered":"<p style=\"text-align: justify;\"><strong>BA\u011eDAT 01 EK\u0130M (SANA)<\/strong> &#8211; Irak \u0130\u00e7i\u015fleri Bakanl\u0131\u011f\u0131, Ninova Valili\u011fi&#8217;nin El Hamdaniye b\u00f6lgesindeki d\u00fc\u011f\u00fcn salonunda \u00e7\u0131kan korkun\u00e7 yang\u0131n\u0131n nedenini ve \u00f6lenlerin say\u0131s\u0131n\u0131 a\u00e7\u0131klad\u0131.<\/p>\n<p style=\"text-align: justify;\">El Sumeriyye News web sitesine g\u00f6re, olayla ilgili soru\u015fturma komitesi ba\u015fkan\u0131 T\u00fcmgeneral Saad Falah bug\u00fcn d\u00fczenledi\u011fi bas\u0131n toplant\u0131s\u0131nda, \u00a0&#8220;Yanma s\u00fcrecinin ana nedeni, d\u00f6rt metre y\u00fckselen ve son derece yan\u0131c\u0131 maddelerle temas eden elektrikli havai fi\u015feklerin varl\u0131\u011f\u0131d\u0131r&#8221; dedi.<\/p>\n<p style=\"text-align: justify;\">Falah, salonun acil durum kap\u0131s\u0131n\u0131n bulunmad\u0131\u011f\u0131n\u0131, yaln\u0131zca 500 ki\u015fiyi a\u011f\u0131rlayabildi\u011fini, tavanda ve zeminde olduk\u00e7a yan\u0131c\u0131 maddeler bulundu\u011funu belirtti.<\/p>\n<p style=\"text-align: justify;\">Komite ba\u015fkan\u0131, son kurban say\u0131s\u0131n\u0131n 107 ki\u015finin \u00f6l\u00fcm\u00fc, 82 ki\u015finin de yaralanmas\u0131 oldu\u011funu, 600 ki\u015finin ise salondan tahliye edildi\u011fini belirterek, d\u00fc\u011f\u00fcn salonu sahiplerinin emniyet ve g\u00fcvenlik ko\u015fullar\u0131 konusunda herhangi bir taahh\u00fctte bulunmamas\u0131 nedeniyle ihmalinin oldu\u011fu vurgulad\u0131.<\/p>\n<p style=\"text-align: justify;\">Komite ayr\u0131ca, ihmalleri kan\u0131tland\u0131\u011f\u0131 i\u00e7in Hamdaniye belediye ba\u015fkan\u0131 ve di\u011fer yetkililerin muaf tutulmas\u0131 nedeniyle yetkililerin g\u00f6revden al\u0131nmas\u0131 ve soru\u015fturmaya sevk edilmesi de dahil olmak \u00fczere \u00e7e\u015fitli tavsiyelerde bulundu.<\/p>\n<p style=\"text-align: justify;\"><a href=\"https:\/\/t.me\/SuriyeArapHaberAjansI\">Telegram Kanal\u0131m\u0131z\u00a0<\/a><\/p>\n<p style=\"text-align: justify;\"><a href=\"https:\/\/www.facebook.com\/SANAHaberAjansi\/\">Facebook Sayfam\u0131z<\/a><\/p>\n<p style=\"text-align: justify;\"><a href=\"https:\/\/twitter.com\/arap_ajans\">Twitter Hesab\u0131m\u0131z<\/a><\/p>\n","protected":false},"excerpt":{"rendered":"<p>BA\u011eDAT 01 EK\u0130M (SANA) &#8211; Irak \u0130\u00e7i\u015fleri Bakanl\u0131\u011f\u0131, Ninova Valili\u011fi&#8217;nin El Hamdaniye b\u00f6lgesindeki d\u00fc\u011f\u00fcn salonunda \u00e7\u0131kan korkun\u00e7 yang\u0131n\u0131n nedenini ve \u00f6lenlerin say\u0131s\u0131n\u0131 a\u00e7\u0131klad\u0131. El Sumeriyye News web sitesine g\u00f6re, olayla ilgili soru\u015fturma komitesi ba\u015fkan\u0131 T\u00fcmgeneral Saad Falah bug\u00fcn d\u00fczenledi\u011fi bas\u0131n toplant\u0131s\u0131nda, \u00a0&#8220;Yanma s\u00fcrecinin ana nedeni, d\u00f6rt metre y\u00fckselen ve son derece yan\u0131c\u0131 maddelerle temas eden &hellip;<\/p>\n","protected":false},"author":41,"featured_media":289128,"comment_status":"closed","ping_status":"closed","sticky":false,"template":"","format":"standard","meta":{"footnotes":""},"categories":[458,459,17988],"tags":[18068,39942],"class_list":["post-289127","post","type-post","status-publish","format-standard","has-post-thumbnail","","category-dunya1","category-haberler-arap-uluslararasi-politika","category-son-haberler","tag-irak-icisleri-bakanligi","tag-ninavadaki-hamdaniye-yangininin-nedenini-ve-olenlerin-sayisini-acikladi"],"_links":{"self":[{"href":"https:\/\/archive.sana.sy\/tr\/index.php?rest_route=\/wp\/v2\/posts\/289127","targetHints":{"allow":["GET"]}}],"collection":[{"href":"https:\/\/archive.sana.sy\/tr\/index.php?rest_route=\/wp\/v2\/posts"}],"about":[{"href":"https:\/\/archive.sana.sy\/tr\/index.php?rest_route=\/wp\/v2\/types\/post"}],"author":[{"embeddable":true,"href":"https:\/\/archive.sana.sy\/tr\/index.php?rest_route=\/wp\/v2\/users\/41"}],"replies":[{"embeddable":true,"href":"https:\/\/archive.sana.sy\/tr\/index.php?rest_route=%2Fwp%2Fv2%2Fcomments&post=289127"}],"version-history":[{"count":1,"href":"https:\/\/archive.sana.sy\/tr\/index.php?rest_route=\/wp\/v2\/posts\/289127\/revisions"}],"predecessor-version":[{"id":289129,"href":"https:\/\/archive.sana.sy\/tr\/index.php?rest_route=\/wp\/v2\/posts\/289127\/revisions\/289129"}],"wp:featuredmedia":[{"embeddable":true,"href":"https:\/\/archive.sana.sy\/tr\/index.php?rest_route=\/wp\/v2\/media\/289128"}],"wp:attachment":[{"href":"https:\/\/archive.sana.sy\/tr\/index.php?rest_route=%2Fwp%2Fv2%2Fmedia&parent=289127"}],"wp:term":[{"taxonomy":"category","embeddable":true,"href":"https:\/\/archive.sana.sy\/tr\/index.php?rest_route=%2Fwp%2Fv2%2Fcategories&post=289127"},{"taxonomy":"post_tag","embeddable":true,"href":"https:\/\/archive.sana.sy\/tr\/index.php?rest_route=%2Fwp%2Fv2%2Ftags&post=289127"}],"curies":[{"name":"wp","href":"https:\/\/api.w.org\/{rel}","templated":true}]}}