{"id":289130,"date":"2023-10-01T12:33:59","date_gmt":"2023-10-01T09:33:59","guid":{"rendered":"http:\/\/sana.sy\/tr\/?p=289130"},"modified":"2023-10-04T08:48:59","modified_gmt":"2023-10-04T05:48:59","slug":"suriye-iskenderiye-film-festivaline-leylanin-tutkusu-ve-yurekli-filmiyle-katildi","status":"publish","type":"post","link":"https:\/\/archive.sana.sy\/tr\/?p=289130","title":{"rendered":"Suriye, \u0130skenderiye Film Festivali&#8217;ne &#8220;Leyla\u2019n\u0131n Tutkusu Ve Y\u00fcrekli&#8221; Filmiyle Kat\u0131ld\u0131"},"content":{"rendered":"<p style=\"text-align: justify;\"><strong>\u015eAM 01 EK\u0130M (SANA)<\/strong> &#8211; Suriye, Akdeniz \u00dclkeleri i\u00e7in \u0130skenderiye Film Festivali&#8217;nin 39. oturumuna, Genel <img loading=\"lazy\" decoding=\"async\" class=\"size-full wp-image-289132 alignright\" src=\"http:\/\/sana.sy\/tr\/wp-content\/uploads\/2023\/10\/photo_2023-10-01_14-31-13-300x168-1.jpg\" alt=\"\" width=\"300\" height=\"168\" \/>Sinema Vakf\u0131&#8217;n\u0131n yap\u0131mc\u0131l\u0131\u011f\u0131n\u0131 \u00fcstlendi\u011fi &#8220;Leyla\u2019n\u0131n Tutkusu Ve Y\u00fcrekli&#8221; adl\u0131 k\u0131sa metrajl\u0131 filmiyle kat\u0131l\u0131yor.<\/p>\n<p style=\"text-align: justify;\">Senaryosunu yazan ve y\u00f6neten Halid Osman&#8217;\u0131n yazd\u0131\u011f\u0131 ve y\u00f6netti\u011fi film, karakterlerin kaderlerinin kocan\u0131n bencilli\u011fi ile kar\u0131s\u0131n\u0131n h\u0131rs\u0131 aras\u0131nda m\u00fccadele etti\u011fi ve bunun bedelini k\u0131zlar\u0131n\u0131n \u00f6dedi\u011fi bir ailenin hayat\u0131n\u0131 konu al\u0131yor.<\/p>\n<p style=\"text-align: justify;\">Filmin hikayesi baz\u0131 insan modellerinin psikolojisini, ya\u015fad\u0131klar\u0131 i\u00e7 \u00e7at\u0131\u015fmalar\u0131n boyutlar\u0131n\u0131 ve bunlar\u0131n \u00e7evreye etkilerini irdeliyor ama her zaman silinemeyecek umut alanlar\u0131 da var.<\/p>\n<p style=\"text-align: justify;\">Filmin ba\u015frollerinde Nadin Kaddur, Amr Ali, Leyla Vakim, \u015eahid El \u015eatta, Avvad El Kadro, Hamada Selim ve Muhannad El Bezgahi yer al\u0131yor.<\/p>\n<p><a href=\"https:\/\/t.me\/SuriyeArapHaberAjansI\">Telegram Kanal\u0131m\u0131z\u00a0<\/a><\/p>\n<p><a href=\"https:\/\/www.facebook.com\/SANAHaberAjansi\/\">Facebook Sayfam\u0131z<\/a><\/p>\n<p><a href=\"https:\/\/twitter.com\/arap_ajans\">Twitter Hesab\u0131m\u0131z<\/a><\/p>\n","protected":false},"excerpt":{"rendered":"<p>\u015eAM 01 EK\u0130M (SANA) &#8211; Suriye, Akdeniz \u00dclkeleri i\u00e7in \u0130skenderiye Film Festivali&#8217;nin 39. oturumuna, Genel Sinema Vakf\u0131&#8217;n\u0131n yap\u0131mc\u0131l\u0131\u011f\u0131n\u0131 \u00fcstlendi\u011fi &#8220;Leyla\u2019n\u0131n Tutkusu Ve Y\u00fcrekli&#8221; adl\u0131 k\u0131sa metrajl\u0131 filmiyle kat\u0131l\u0131yor. Senaryosunu yazan ve y\u00f6neten Halid Osman&#8217;\u0131n yazd\u0131\u011f\u0131 ve y\u00f6netti\u011fi film, karakterlerin kaderlerinin kocan\u0131n bencilli\u011fi ile kar\u0131s\u0131n\u0131n h\u0131rs\u0131 aras\u0131nda m\u00fccadele etti\u011fi ve bunun bedelini k\u0131zlar\u0131n\u0131n \u00f6dedi\u011fi bir ailenin &hellip;<\/p>\n","protected":false},"author":41,"featured_media":289131,"comment_status":"closed","ping_status":"closed","sticky":false,"template":"","format":"standard","meta":{"footnotes":""},"categories":[479,516,511,17988,478],"tags":[39943,16591,39944,39945],"class_list":["post-289130","post","type-post","status-publish","format-standard","has-post-thumbnail","","category-haberler-yerel","category-haberler-kultur-ve-sanat","category-kultur-ve-sanat","category-son-haberler","category-yerel","tag-iskenderiye-film-festivaline-leylanin-tutkusu-ve-yurekli-filmiyle-katildi","tag-suriye","tag-suriyede-kultur-durumu","tag-suriye2de-savas"],"_links":{"self":[{"href":"https:\/\/archive.sana.sy\/tr\/index.php?rest_route=\/wp\/v2\/posts\/289130","targetHints":{"allow":["GET"]}}],"collection":[{"href":"https:\/\/archive.sana.sy\/tr\/index.php?rest_route=\/wp\/v2\/posts"}],"about":[{"href":"https:\/\/archive.sana.sy\/tr\/index.php?rest_route=\/wp\/v2\/types\/post"}],"author":[{"embeddable":true,"href":"https:\/\/archive.sana.sy\/tr\/index.php?rest_route=\/wp\/v2\/users\/41"}],"replies":[{"embeddable":true,"href":"https:\/\/archive.sana.sy\/tr\/index.php?rest_route=%2Fwp%2Fv2%2Fcomments&post=289130"}],"version-history":[{"count":1,"href":"https:\/\/archive.sana.sy\/tr\/index.php?rest_route=\/wp\/v2\/posts\/289130\/revisions"}],"predecessor-version":[{"id":289133,"href":"https:\/\/archive.sana.sy\/tr\/index.php?rest_route=\/wp\/v2\/posts\/289130\/revisions\/289133"}],"wp:featuredmedia":[{"embeddable":true,"href":"https:\/\/archive.sana.sy\/tr\/index.php?rest_route=\/wp\/v2\/media\/289131"}],"wp:attachment":[{"href":"https:\/\/archive.sana.sy\/tr\/index.php?rest_route=%2Fwp%2Fv2%2Fmedia&parent=289130"}],"wp:term":[{"taxonomy":"category","embeddable":true,"href":"https:\/\/archive.sana.sy\/tr\/index.php?rest_route=%2Fwp%2Fv2%2Fcategories&post=289130"},{"taxonomy":"post_tag","embeddable":true,"href":"https:\/\/archive.sana.sy\/tr\/index.php?rest_route=%2Fwp%2Fv2%2Ftags&post=289130"}],"curies":[{"name":"wp","href":"https:\/\/api.w.org\/{rel}","templated":true}]}}