{"id":289181,"date":"2023-10-02T11:01:03","date_gmt":"2023-10-02T08:01:03","guid":{"rendered":"http:\/\/sana.sy\/tr\/?p=289181"},"modified":"2023-10-04T08:49:46","modified_gmt":"2023-10-04T05:49:46","slug":"misir-ismailiye-emniyet-mudurlugunde-cikan-yangin-sonucu-26-kisi-yaralandi","status":"publish","type":"post","link":"https:\/\/archive.sana.sy\/tr\/?p=289181","title":{"rendered":"M\u0131s\u0131r.. \u0130smailiye Emniyet M\u00fcd\u00fcrl\u00fc\u011f\u00fc&#8217;nde \u00c7\u0131kan Yang\u0131n Sonucu 26 Ki\u015fi Yaraland\u0131"},"content":{"rendered":"<p style=\"text-align: justify;\"><strong>KAH\u0130RE 02 Ekim (SANA) \u2013 <\/strong>M\u0131s\u0131r&#8217;\u0131n ba\u015fkenti Kahire&#8217;nin kuzeydo\u011fusundaki \u0130smailiye Emniyet M\u00fcd\u00fcrl\u00fc\u011f\u00fc&#8217;nde bug\u00fcn \u00e7\u0131kan yang\u0131n sonucu 26 ki\u015fi bo\u011fulma ve yan\u0131k tehlikesi ge\u00e7irdi.<\/p>\n<p style=\"text-align: justify;\">El Ahram internet sitesinde yay\u0131nlanan habere g\u00f6re, Sa\u011fl\u0131k ve N\u00fcfus Bakanl\u0131\u011f\u0131&#8217;ndan yap\u0131lan a\u00e7\u0131klamada, \u0130smailiye Emniyet M\u00fcd\u00fcrl\u00fc\u011f\u00fc&#8217;nde bu sabah \u00e7\u0131kan yang\u0131nda 26 ki\u015finin yaraland\u0131\u011f\u0131, 24 ki\u015finin bo\u011fuldu\u011fu ve 2 ki\u015finin de yan\u0131k oldu\u011fu belirtildi.<\/p>\n<p style=\"text-align: justify;\">Bakanl\u0131k, yang\u0131n sonucu yaralananlar\u0131n al\u0131nmas\u0131 i\u00e7in valilik hastanelerinde haz\u0131rl\u0131k durumunun art\u0131r\u0131ld\u0131\u011f\u0131na dikkat \u00e7ekti.<\/p>\n<p><a href=\"https:\/\/t.me\/SuriyeArapHaberAjansI\">Telegram Kanal\u0131m\u0131z\u00a0<\/a><\/p>\n<p><a href=\"https:\/\/www.facebook.com\/SANAHaberAjansi\/\">Facebook Sayfam\u0131z<\/a><\/p>\n<p><a href=\"https:\/\/twitter.com\/arap_ajans\">Twitter Hesab\u0131m\u0131z<\/a><\/p>\n","protected":false},"excerpt":{"rendered":"<p>KAH\u0130RE 02 Ekim (SANA) \u2013 M\u0131s\u0131r&#8217;\u0131n ba\u015fkenti Kahire&#8217;nin kuzeydo\u011fusundaki \u0130smailiye Emniyet M\u00fcd\u00fcrl\u00fc\u011f\u00fc&#8217;nde bug\u00fcn \u00e7\u0131kan yang\u0131n sonucu 26 ki\u015fi bo\u011fulma ve yan\u0131k tehlikesi ge\u00e7irdi. El Ahram internet sitesinde yay\u0131nlanan habere g\u00f6re, Sa\u011fl\u0131k ve N\u00fcfus Bakanl\u0131\u011f\u0131&#8217;ndan yap\u0131lan a\u00e7\u0131klamada, \u0130smailiye Emniyet M\u00fcd\u00fcrl\u00fc\u011f\u00fc&#8217;nde bu sabah \u00e7\u0131kan yang\u0131nda 26 ki\u015finin yaraland\u0131\u011f\u0131, 24 ki\u015finin bo\u011fuldu\u011fu ve 2 ki\u015finin de yan\u0131k oldu\u011fu &hellip;<\/p>\n","protected":false},"author":39,"featured_media":289182,"comment_status":"closed","ping_status":"closed","sticky":false,"template":"","format":"standard","meta":{"footnotes":""},"categories":[458,459,17988],"tags":[39949],"class_list":["post-289181","post","type-post","status-publish","format-standard","has-post-thumbnail","","category-dunya1","category-haberler-arap-uluslararasi-politika","category-son-haberler","tag-misir-ismailiye-emniyet-mudurlugunde-cikan-yangin-sonucu-26-kisi-yaralandi"],"_links":{"self":[{"href":"https:\/\/archive.sana.sy\/tr\/index.php?rest_route=\/wp\/v2\/posts\/289181","targetHints":{"allow":["GET"]}}],"collection":[{"href":"https:\/\/archive.sana.sy\/tr\/index.php?rest_route=\/wp\/v2\/posts"}],"about":[{"href":"https:\/\/archive.sana.sy\/tr\/index.php?rest_route=\/wp\/v2\/types\/post"}],"author":[{"embeddable":true,"href":"https:\/\/archive.sana.sy\/tr\/index.php?rest_route=\/wp\/v2\/users\/39"}],"replies":[{"embeddable":true,"href":"https:\/\/archive.sana.sy\/tr\/index.php?rest_route=%2Fwp%2Fv2%2Fcomments&post=289181"}],"version-history":[{"count":4,"href":"https:\/\/archive.sana.sy\/tr\/index.php?rest_route=\/wp\/v2\/posts\/289181\/revisions"}],"predecessor-version":[{"id":289186,"href":"https:\/\/archive.sana.sy\/tr\/index.php?rest_route=\/wp\/v2\/posts\/289181\/revisions\/289186"}],"wp:featuredmedia":[{"embeddable":true,"href":"https:\/\/archive.sana.sy\/tr\/index.php?rest_route=\/wp\/v2\/media\/289182"}],"wp:attachment":[{"href":"https:\/\/archive.sana.sy\/tr\/index.php?rest_route=%2Fwp%2Fv2%2Fmedia&parent=289181"}],"wp:term":[{"taxonomy":"category","embeddable":true,"href":"https:\/\/archive.sana.sy\/tr\/index.php?rest_route=%2Fwp%2Fv2%2Fcategories&post=289181"},{"taxonomy":"post_tag","embeddable":true,"href":"https:\/\/archive.sana.sy\/tr\/index.php?rest_route=%2Fwp%2Fv2%2Ftags&post=289181"}],"curies":[{"name":"wp","href":"https:\/\/api.w.org\/{rel}","templated":true}]}}