{"id":289188,"date":"2023-10-02T12:00:18","date_gmt":"2023-10-02T09:00:18","guid":{"rendered":"http:\/\/sana.sy\/tr\/?p=289188"},"modified":"2023-10-04T08:49:49","modified_gmt":"2023-10-04T05:49:49","slug":"suriyeli-oyuncu-gazal-cinde-duzenlenen-19-asya-oyunlarinin-final-turuna-katilmaya-hak-kazandi","status":"publish","type":"post","link":"https:\/\/archive.sana.sy\/tr\/?p=289188","title":{"rendered":"Suriyeli Oyuncu Gazal, \u00c7in&#8217;de D\u00fczenlenen 19. Asya Oyunlar\u0131&#8217;n\u0131n Final Turuna Kat\u0131lmaya Hak Kazand\u0131"},"content":{"rendered":"<p style=\"text-align: justify;\"><strong>KHANJO 02 Ekim (SANA)<\/strong> \u2013 \u00a0Suriye milli atletizm tak\u0131m\u0131 oyuncusu Mecdeddin Gazal, \u00c7in&#8217;de d\u00fczenlenen 19. Asya Oyunlar\u0131&#8217;nda y\u00fcksek atlama yar\u0131\u015fmas\u0131n\u0131n son turuna kat\u0131lmaya hak kazand\u0131.<\/p>\n<p style=\"text-align: justify;\">Gazal, 2.10 y\u00fcksekli\u011fe atlayarak 19. Asya Oyunlar\u0131 y\u00fcksek atlama yar\u0131\u015fmas\u0131n\u0131n son turuna kat\u0131lmaya hak kazand\u0131.<\/p>\n<div id='gallery-1' class='gallery galleryid-289188 gallery-columns-2 gallery-size-full'><figure class='gallery-item'>\n\t\t\t<div class='gallery-icon landscape'>\n\t\t\t\t<a href='https:\/\/archive.sana.sy\/tr\/wp-content\/uploads\/2023\/10\/photo_2023-10-02_07-26-06-copy.jpg'><img loading=\"lazy\" decoding=\"async\" width=\"660\" height=\"495\" src=\"https:\/\/archive.sana.sy\/tr\/wp-content\/uploads\/2023\/10\/photo_2023-10-02_07-26-06-copy.jpg\" class=\"attachment-full size-full\" alt=\"\" srcset=\"https:\/\/archive.sana.sy\/tr\/wp-content\/uploads\/2023\/10\/photo_2023-10-02_07-26-06-copy.jpg 660w, https:\/\/archive.sana.sy\/tr\/wp-content\/uploads\/2023\/10\/photo_2023-10-02_07-26-06-copy-300x225.jpg 300w\" sizes=\"auto, (max-width: 660px) 100vw, 660px\" \/><\/a>\n\t\t\t<\/div><\/figure><figure class='gallery-item'>\n\t\t\t<div class='gallery-icon landscape'>\n\t\t\t\t<a href='https:\/\/archive.sana.sy\/tr\/wp-content\/uploads\/2023\/10\/photo_2023-10-02_07-26-11-copy.jpg'><img loading=\"lazy\" decoding=\"async\" width=\"660\" height=\"495\" src=\"https:\/\/archive.sana.sy\/tr\/wp-content\/uploads\/2023\/10\/photo_2023-10-02_07-26-11-copy.jpg\" class=\"attachment-full size-full\" alt=\"\" srcset=\"https:\/\/archive.sana.sy\/tr\/wp-content\/uploads\/2023\/10\/photo_2023-10-02_07-26-11-copy.jpg 660w, https:\/\/archive.sana.sy\/tr\/wp-content\/uploads\/2023\/10\/photo_2023-10-02_07-26-11-copy-300x225.jpg 300w\" sizes=\"auto, (max-width: 660px) 100vw, 660px\" \/><\/a>\n\t\t\t<\/div><\/figure>\n\t\t<\/div>\n\n<p style=\"text-align: justify;\"><a href=\"https:\/\/t.me\/SuriyeArapHaberAjansI\">Telegram Kanal\u0131m\u0131z\u00a0<\/a><\/p>\n<p style=\"text-align: justify;\"><a href=\"https:\/\/www.facebook.com\/SANAHaberAjansi\/\">Facebook Sayfam\u0131z<\/a><\/p>\n<p style=\"text-align: justify;\"><a href=\"https:\/\/twitter.com\/arap_ajans\">Twitter Hesab\u0131m\u0131z<\/a><\/p>\n","protected":false},"excerpt":{"rendered":"<p>KHANJO 02 Ekim (SANA) \u2013 \u00a0Suriye milli atletizm tak\u0131m\u0131 oyuncusu Mecdeddin Gazal, \u00c7in&#8217;de d\u00fczenlenen 19. Asya Oyunlar\u0131&#8217;nda y\u00fcksek atlama yar\u0131\u015fmas\u0131n\u0131n son turuna kat\u0131lmaya hak kazand\u0131. Gazal, 2.10 y\u00fcksekli\u011fe atlayarak 19. Asya Oyunlar\u0131 y\u00fcksek atlama yar\u0131\u015fmas\u0131n\u0131n son turuna kat\u0131lmaya hak kazand\u0131. Telegram Kanal\u0131m\u0131z\u00a0 Facebook Sayfam\u0131z Twitter Hesab\u0131m\u0131z<\/p>\n","protected":false},"author":39,"featured_media":289189,"comment_status":"closed","ping_status":"closed","sticky":false,"template":"","format":"standard","meta":{"footnotes":""},"categories":[498,17988,496],"tags":[],"class_list":["post-289188","post","type-post","status-publish","format-standard","has-post-thumbnail","","category-dunya-turnuvalari","category-son-haberler","category-spor"],"_links":{"self":[{"href":"https:\/\/archive.sana.sy\/tr\/index.php?rest_route=\/wp\/v2\/posts\/289188","targetHints":{"allow":["GET"]}}],"collection":[{"href":"https:\/\/archive.sana.sy\/tr\/index.php?rest_route=\/wp\/v2\/posts"}],"about":[{"href":"https:\/\/archive.sana.sy\/tr\/index.php?rest_route=\/wp\/v2\/types\/post"}],"author":[{"embeddable":true,"href":"https:\/\/archive.sana.sy\/tr\/index.php?rest_route=\/wp\/v2\/users\/39"}],"replies":[{"embeddable":true,"href":"https:\/\/archive.sana.sy\/tr\/index.php?rest_route=%2Fwp%2Fv2%2Fcomments&post=289188"}],"version-history":[{"count":4,"href":"https:\/\/archive.sana.sy\/tr\/index.php?rest_route=\/wp\/v2\/posts\/289188\/revisions"}],"predecessor-version":[{"id":289235,"href":"https:\/\/archive.sana.sy\/tr\/index.php?rest_route=\/wp\/v2\/posts\/289188\/revisions\/289235"}],"wp:featuredmedia":[{"embeddable":true,"href":"https:\/\/archive.sana.sy\/tr\/index.php?rest_route=\/wp\/v2\/media\/289189"}],"wp:attachment":[{"href":"https:\/\/archive.sana.sy\/tr\/index.php?rest_route=%2Fwp%2Fv2%2Fmedia&parent=289188"}],"wp:term":[{"taxonomy":"category","embeddable":true,"href":"https:\/\/archive.sana.sy\/tr\/index.php?rest_route=%2Fwp%2Fv2%2Fcategories&post=289188"},{"taxonomy":"post_tag","embeddable":true,"href":"https:\/\/archive.sana.sy\/tr\/index.php?rest_route=%2Fwp%2Fv2%2Ftags&post=289188"}],"curies":[{"name":"wp","href":"https:\/\/api.w.org\/{rel}","templated":true}]}}