{"id":289193,"date":"2023-10-02T12:37:17","date_gmt":"2023-10-02T09:37:17","guid":{"rendered":"http:\/\/sana.sy\/tr\/?p=289193"},"modified":"2023-10-03T13:43:37","modified_gmt":"2023-10-03T10:43:37","slug":"cumhurbaskanligi-cinin-74-ulusal-gununu-tebrik-etti","status":"publish","type":"post","link":"https:\/\/archive.sana.sy\/tr\/?p=289193","title":{"rendered":"Cumhurba\u015fkanl\u0131\u011f\u0131 \u00c7in&#8217;in 74. Ulusal G\u00fcn\u00fc&#8217;n\u00fc Tebrik Etti"},"content":{"rendered":"<p style=\"text-align: justify;\"><strong>\u015eAM 02 Ekim (SANA)<\/strong> \u2013 Suriye Arap Cumhuriyeti Cumhurba\u015fkanl\u0131\u011f\u0131, \u00c7in halk\u0131n\u0131 \u00fclkelerinin 74. Ulusal G\u00fcn\u00fc&#8217;n\u00fc tebrik ederek, \u00c7in&#8217;in, \u00fclkesini seven ve ulusal kimli\u011fini koruyan halk\u0131 sayesinde kaydetti\u011fi b\u00fcy\u00fck ilerlemeyi \u00f6vd\u00fc.<\/p>\n<p style=\"text-align: justify;\">Cumhurba\u015fkanl\u0131\u011f\u0131 Instagram kanal\u0131nda yay\u0131nlanan tebrik metninde \u015fu ifadelere yer verildi: &#8221;\u00c7in, \u00fclkesini seven ve onunla gurur duyan, b\u00fcy\u00fck ekonomik ve teknolojik ilerlemeler kaydeden, ayn\u0131 zamanda ulusal kimli\u011fini her t\u00fcrl\u00fc takdiri hak edecek \u015fekilde koruyan halk\u0131 sayesinde k\u00fcresel bir yarat\u0131c\u0131l\u0131k fabrikas\u0131 haline gelmi\u015ftir&#8230; Dost \u00c7in Halk Cumhuriyeti&#8217;nin 74. Ulusal G\u00fcn\u00fc vesilesiyle \u00c7in halk\u0131n\u0131 ve \u00c7in liderli\u011fini tebrik ediyoruz.&#8221;<\/p>\n<p style=\"text-align: justify;\"><a href=\"https:\/\/t.me\/SuriyeArapHaberAjansI\">Telegram Kanal\u0131m\u0131z\u00a0<\/a><\/p>\n<p style=\"text-align: justify;\"><a href=\"https:\/\/www.facebook.com\/SANAHaberAjansi\/\">Facebook Sayfam\u0131z<\/a><\/p>\n<p style=\"text-align: justify;\"><a href=\"https:\/\/twitter.com\/arap_ajans\">Twitter Hesab\u0131m\u0131z<\/a><\/p>\n","protected":false},"excerpt":{"rendered":"<p>\u015eAM 02 Ekim (SANA) \u2013 Suriye Arap Cumhuriyeti Cumhurba\u015fkanl\u0131\u011f\u0131, \u00c7in halk\u0131n\u0131 \u00fclkelerinin 74. Ulusal G\u00fcn\u00fc&#8217;n\u00fc tebrik ederek, \u00c7in&#8217;in, \u00fclkesini seven ve ulusal kimli\u011fini koruyan halk\u0131 sayesinde kaydetti\u011fi b\u00fcy\u00fck ilerlemeyi \u00f6vd\u00fc. Cumhurba\u015fkanl\u0131\u011f\u0131 Instagram kanal\u0131nda yay\u0131nlanan tebrik metninde \u015fu ifadelere yer verildi: &#8221;\u00c7in, \u00fclkesini seven ve onunla gurur duyan, b\u00fcy\u00fck ekonomik ve teknolojik ilerlemeler kaydeden, ayn\u0131 zamanda &hellip;<\/p>\n","protected":false},"author":39,"featured_media":289194,"comment_status":"closed","ping_status":"closed","sticky":false,"template":"","format":"standard","meta":{"footnotes":""},"categories":[606,605,17988],"tags":[19043,38641],"class_list":["post-289193","post","type-post","status-publish","format-standard","has-post-thumbnail","","category-cumhurbaskani","category-sayin-cumhurbaskani","category-son-haberler","tag-suriyede-son-durum","tag-suriyede-son-gelimeler"],"_links":{"self":[{"href":"https:\/\/archive.sana.sy\/tr\/index.php?rest_route=\/wp\/v2\/posts\/289193","targetHints":{"allow":["GET"]}}],"collection":[{"href":"https:\/\/archive.sana.sy\/tr\/index.php?rest_route=\/wp\/v2\/posts"}],"about":[{"href":"https:\/\/archive.sana.sy\/tr\/index.php?rest_route=\/wp\/v2\/types\/post"}],"author":[{"embeddable":true,"href":"https:\/\/archive.sana.sy\/tr\/index.php?rest_route=\/wp\/v2\/users\/39"}],"replies":[{"embeddable":true,"href":"https:\/\/archive.sana.sy\/tr\/index.php?rest_route=%2Fwp%2Fv2%2Fcomments&post=289193"}],"version-history":[{"count":3,"href":"https:\/\/archive.sana.sy\/tr\/index.php?rest_route=\/wp\/v2\/posts\/289193\/revisions"}],"predecessor-version":[{"id":289232,"href":"https:\/\/archive.sana.sy\/tr\/index.php?rest_route=\/wp\/v2\/posts\/289193\/revisions\/289232"}],"wp:featuredmedia":[{"embeddable":true,"href":"https:\/\/archive.sana.sy\/tr\/index.php?rest_route=\/wp\/v2\/media\/289194"}],"wp:attachment":[{"href":"https:\/\/archive.sana.sy\/tr\/index.php?rest_route=%2Fwp%2Fv2%2Fmedia&parent=289193"}],"wp:term":[{"taxonomy":"category","embeddable":true,"href":"https:\/\/archive.sana.sy\/tr\/index.php?rest_route=%2Fwp%2Fv2%2Fcategories&post=289193"},{"taxonomy":"post_tag","embeddable":true,"href":"https:\/\/archive.sana.sy\/tr\/index.php?rest_route=%2Fwp%2Fv2%2Ftags&post=289193"}],"curies":[{"name":"wp","href":"https:\/\/api.w.org\/{rel}","templated":true}]}}