{"id":289196,"date":"2023-10-02T09:22:26","date_gmt":"2023-10-02T06:22:26","guid":{"rendered":"http:\/\/sana.sy\/tr\/?p=289196"},"modified":"2023-10-04T08:50:42","modified_gmt":"2023-10-04T05:50:42","slug":"israil-isgal-gucleri-bati-seriada-14-filistinliyi-tutukladi","status":"publish","type":"post","link":"https:\/\/archive.sana.sy\/tr\/?p=289196","title":{"rendered":"\u0130srail \u0130\u015fgal G\u00fc\u00e7leri, Bat\u0131 \u015eeria&#8217;da 14 Filistinliyi Tutuklad\u0131"},"content":{"rendered":"<p style=\"text-align: justify;\"><strong>\u0130\u015eGAL ED\u0130LEN KUD\u00dcS 02 Ekim (SANA)<\/strong> \u2013\u0130srail i\u015fgal g\u00fc\u00e7leri, Bat\u0131 \u015eeria&#8217;da 14 Filistinliyi tutuklad\u0131.<br \/>\nFilistinli WAFA Haber Ajans\u0131, i\u015fgal g\u00fc\u00e7lerinin, Cenin, Nablus&#8217;taki birka\u00e7 mahalleye, Kud\u00fcs&#8217;teki \u0130ssaviyah kasabalar\u0131na ve Ramallah&#8217;taki Turmusayya ve Calazun kamp\u0131na bask\u0131n d\u00fczenledi\u011fini ve 14 Filistinliyi tutuklad\u0131\u011f\u0131n\u0131 bildirdi.<\/p>\n<p style=\"text-align: justify;\">Ajans ayr\u0131ca, i\u015fgal g\u00fc\u00e7lerinin Nablus&#8217;un kuzeybat\u0131s\u0131ndaki Burka k\u00f6y\u00fcn\u00fcn giri\u015flerini kapatarak Filistinlilerin k\u00f6ye girip \u00e7\u0131kmas\u0131n\u0131 engelledi\u011fini, bunun da okul saatlerinin aksamas\u0131na yol a\u00e7t\u0131\u011f\u0131n\u0131 belirtirken, El Halil&#8217;in g\u00fcneyindeki Yatta kasabas\u0131n\u0131n do\u011fusundaki 27 okula \u00f6\u011fretmen ve \u00f6\u011frencilerin eri\u015fimini de engelledi\u011fine i\u015faret etti.<\/p>\n<p style=\"text-align: justify;\"><a href=\"https:\/\/t.me\/SuriyeArapHaberAjansI\">Telegram Kanal\u0131m\u0131z\u00a0<\/a><\/p>\n<p style=\"text-align: justify;\"><a href=\"https:\/\/www.facebook.com\/SANAHaberAjansi\/\">Facebook Sayfam\u0131z<\/a><\/p>\n<p style=\"text-align: justify;\"><a href=\"https:\/\/twitter.com\/arap_ajans\">Twitter Hesab\u0131m\u0131z<\/a><\/p>\n<p style=\"text-align: justify;\">\n","protected":false},"excerpt":{"rendered":"<p>\u0130\u015eGAL ED\u0130LEN KUD\u00dcS 02 Ekim (SANA) \u2013\u0130srail i\u015fgal g\u00fc\u00e7leri, Bat\u0131 \u015eeria&#8217;da 14 Filistinliyi tutuklad\u0131. Filistinli WAFA Haber Ajans\u0131, i\u015fgal g\u00fc\u00e7lerinin, Cenin, Nablus&#8217;taki birka\u00e7 mahalleye, Kud\u00fcs&#8217;teki \u0130ssaviyah kasabalar\u0131na ve Ramallah&#8217;taki Turmusayya ve Calazun kamp\u0131na bask\u0131n d\u00fczenledi\u011fini ve 14 Filistinliyi tutuklad\u0131\u011f\u0131n\u0131 bildirdi. Ajans ayr\u0131ca, i\u015fgal g\u00fc\u00e7lerinin Nablus&#8217;un kuzeybat\u0131s\u0131ndaki Burka k\u00f6y\u00fcn\u00fcn giri\u015flerini kapatarak Filistinlilerin k\u00f6ye girip \u00e7\u0131kmas\u0131n\u0131 engelledi\u011fini, &hellip;<\/p>\n","protected":false},"author":39,"featured_media":289197,"comment_status":"closed","ping_status":"closed","sticky":false,"template":"","format":"standard","meta":{"footnotes":""},"categories":[458,459,17988],"tags":[],"class_list":["post-289196","post","type-post","status-publish","format-standard","has-post-thumbnail","","category-dunya1","category-haberler-arap-uluslararasi-politika","category-son-haberler"],"_links":{"self":[{"href":"https:\/\/archive.sana.sy\/tr\/index.php?rest_route=\/wp\/v2\/posts\/289196","targetHints":{"allow":["GET"]}}],"collection":[{"href":"https:\/\/archive.sana.sy\/tr\/index.php?rest_route=\/wp\/v2\/posts"}],"about":[{"href":"https:\/\/archive.sana.sy\/tr\/index.php?rest_route=\/wp\/v2\/types\/post"}],"author":[{"embeddable":true,"href":"https:\/\/archive.sana.sy\/tr\/index.php?rest_route=\/wp\/v2\/users\/39"}],"replies":[{"embeddable":true,"href":"https:\/\/archive.sana.sy\/tr\/index.php?rest_route=%2Fwp%2Fv2%2Fcomments&post=289196"}],"version-history":[{"count":2,"href":"https:\/\/archive.sana.sy\/tr\/index.php?rest_route=\/wp\/v2\/posts\/289196\/revisions"}],"predecessor-version":[{"id":289202,"href":"https:\/\/archive.sana.sy\/tr\/index.php?rest_route=\/wp\/v2\/posts\/289196\/revisions\/289202"}],"wp:featuredmedia":[{"embeddable":true,"href":"https:\/\/archive.sana.sy\/tr\/index.php?rest_route=\/wp\/v2\/media\/289197"}],"wp:attachment":[{"href":"https:\/\/archive.sana.sy\/tr\/index.php?rest_route=%2Fwp%2Fv2%2Fmedia&parent=289196"}],"wp:term":[{"taxonomy":"category","embeddable":true,"href":"https:\/\/archive.sana.sy\/tr\/index.php?rest_route=%2Fwp%2Fv2%2Fcategories&post=289196"},{"taxonomy":"post_tag","embeddable":true,"href":"https:\/\/archive.sana.sy\/tr\/index.php?rest_route=%2Fwp%2Fv2%2Ftags&post=289196"}],"curies":[{"name":"wp","href":"https:\/\/api.w.org\/{rel}","templated":true}]}}