{"id":2892,"date":"2014-06-12T15:20:54","date_gmt":"2014-06-12T12:20:54","guid":{"rendered":"http:\/\/sanasyria.org\/tr\/?p=2892"},"modified":"2014-06-13T16:31:18","modified_gmt":"2014-06-13T13:31:18","slug":"genel-af-ulusal-birlik-beraberligi-hedefliyor","status":"publish","type":"post","link":"https:\/\/archive.sana.sy\/tr\/?p=2892","title":{"rendered":"Genel Af Ulusal Birlik Beraberli\u011fi Hedefliyor"},"content":{"rendered":"<p><span style=\"color: #800000\">\u015eAM \u2013<\/span> Halk Meclisinde Kamu \u00d6zg\u00fcrl\u00fckleri ve \u0130nsan Haklar\u0131 Komisyonu \u00fcyeleri Cumhurba\u015fkan\u0131 Be\u015f\u015far el Esad\u2019\u0131n onaylad\u0131\u011f\u0131 2014\/22 say\u0131l\u0131 genel af yasama karar\u0131n\u0131n sosyal ho\u015fg\u00f6r\u00fc ve m\u00fcsamahakarl\u0131k kapsam\u0131nda olduk\u00e7a kapsaml\u0131 oldu\u011funa dikkat \u00e7ekti.<\/p>\n<p>Komisyon \u00fcyeleri bug\u00fcn d\u00fczenledikleri oturumda genel af karar\u0131n\u0131n yurt genelinde ulusal birlik beraberli\u011fin yan\u0131 s\u0131ra g\u00fcvenlik ve istikrar\u0131 sa\u011flama a\u00e7\u0131s\u0131ndan ta\u015f\u0131d\u0131\u011f\u0131 \u00f6neme vurgu yapt\u0131.<\/p>\n<p>Genel af\u2019\u0131n en a\u011f\u0131r cezalardan en basit cezalara kadar olduk\u00e7a geni\u015f su\u00e7lar\u0131 kapsad\u0131\u011f\u0131na i\u015faret eden komisyon \u00fcyeleri; vatana ihanet, casusluk, tehlikeli ter\u00f6r su\u00e7lar\u0131 ve kimi \u015feref su\u00e7lar\u0131n\u0131 istisna tuttu\u011funa dikkat \u00e7ektiler.<\/p>\n<p>Komisyon ba\u015fkan\u0131 Bedi Sakkur genel af karar\u0131n\u0131n ta\u015f\u0131d\u0131\u011f\u0131 insani ve ahlaki ilkelere vurgu yapt\u0131.<\/p>\n","protected":false},"excerpt":{"rendered":"<p>\u015eAM \u2013 Halk Meclisinde Kamu \u00d6zg\u00fcrl\u00fckleri ve \u0130nsan Haklar\u0131 Komisyonu \u00fcyeleri Cumhurba\u015fkan\u0131 Be\u015f\u015far el Esad\u2019\u0131n onaylad\u0131\u011f\u0131 2014\/22 say\u0131l\u0131 genel af yasama karar\u0131n\u0131n sosyal ho\u015fg\u00f6r\u00fc ve m\u00fcsamahakarl\u0131k kapsam\u0131nda olduk\u00e7a kapsaml\u0131 oldu\u011funa dikkat \u00e7ekti. Komisyon \u00fcyeleri bug\u00fcn d\u00fczenledikleri oturumda genel af karar\u0131n\u0131n yurt genelinde ulusal birlik beraberli\u011fin yan\u0131 s\u0131ra g\u00fcvenlik ve istikrar\u0131 sa\u011flama a\u00e7\u0131s\u0131ndan ta\u015f\u0131d\u0131\u011f\u0131 \u00f6neme vurgu &hellip;<\/p>\n","protected":false},"author":1,"featured_media":2893,"comment_status":"closed","ping_status":"closed","sticky":false,"template":"","format":"standard","meta":{"footnotes":""},"categories":[479,478],"tags":[645],"class_list":["post-2892","post","type-post","status-publish","format-standard","has-post-thumbnail","","category-haberler-yerel","category-yerel","tag-genel-af-ulusal-birlik-beraberligi-hedefliyor"],"_links":{"self":[{"href":"https:\/\/archive.sana.sy\/tr\/index.php?rest_route=\/wp\/v2\/posts\/2892","targetHints":{"allow":["GET"]}}],"collection":[{"href":"https:\/\/archive.sana.sy\/tr\/index.php?rest_route=\/wp\/v2\/posts"}],"about":[{"href":"https:\/\/archive.sana.sy\/tr\/index.php?rest_route=\/wp\/v2\/types\/post"}],"author":[{"embeddable":true,"href":"https:\/\/archive.sana.sy\/tr\/index.php?rest_route=\/wp\/v2\/users\/1"}],"replies":[{"embeddable":true,"href":"https:\/\/archive.sana.sy\/tr\/index.php?rest_route=%2Fwp%2Fv2%2Fcomments&post=2892"}],"version-history":[{"count":0,"href":"https:\/\/archive.sana.sy\/tr\/index.php?rest_route=\/wp\/v2\/posts\/2892\/revisions"}],"wp:featuredmedia":[{"embeddable":true,"href":"https:\/\/archive.sana.sy\/tr\/index.php?rest_route=\/wp\/v2\/media\/2893"}],"wp:attachment":[{"href":"https:\/\/archive.sana.sy\/tr\/index.php?rest_route=%2Fwp%2Fv2%2Fmedia&parent=2892"}],"wp:term":[{"taxonomy":"category","embeddable":true,"href":"https:\/\/archive.sana.sy\/tr\/index.php?rest_route=%2Fwp%2Fv2%2Fcategories&post=2892"},{"taxonomy":"post_tag","embeddable":true,"href":"https:\/\/archive.sana.sy\/tr\/index.php?rest_route=%2Fwp%2Fv2%2Ftags&post=2892"}],"curies":[{"name":"wp","href":"https:\/\/api.w.org\/{rel}","templated":true}]}}