{"id":289204,"date":"2023-10-02T14:49:40","date_gmt":"2023-10-02T11:49:40","guid":{"rendered":"http:\/\/sana.sy\/tr\/?p=289204"},"modified":"2023-10-04T08:49:57","modified_gmt":"2023-10-04T05:49:57","slug":"iran-disisleri-bakanligi-amerikalilarin-suriye-topraklarindaki-varligi-yasa-disidir-ve-oradan-cekilmeleri-gerekir","status":"publish","type":"post","link":"https:\/\/archive.sana.sy\/tr\/?p=289204","title":{"rendered":"\u0130ran D\u0131\u015fi\u015fleri Bakanl\u0131\u011f\u0131: Amerikal\u0131lar\u0131n Suriye Topraklar\u0131ndaki Varl\u0131\u011f\u0131 Yasa D\u0131\u015f\u0131d\u0131r Ve Oradan \u00c7ekilmeleri Gerekir"},"content":{"rendered":"<p style=\"text-align: justify;\"><strong>TAHRAN 02 EK\u0130M (SANA)<\/strong> &#8211; \u0130ran D\u0131\u015fi\u015fleri Bakanl\u0131\u011f\u0131 s\u00f6zc\u00fcs\u00fc Nas\u0131r Kenaani, Amerikan i\u015fgalinin Suriye topraklar\u0131ndan \u00e7ekilmesinin gereklili\u011fini yineledi.<\/p>\n<p style=\"text-align: justify;\">Keanaani bug\u00fcnk\u00fc haftal\u0131k bas\u0131n toplant\u0131s\u0131 ba\u011flam\u0131nda, \u2018\u2019Amerikan kuvvetleri, Suriye h\u00fck\u00fcmetinin izni olmadan Suriye topraklar\u0131nda bulunamaz \u00e7\u00fcnk\u00fc bu, toprak b\u00fct\u00fcnl\u00fc\u011f\u00fcn\u00fcn ve Suriye&#8217;nin ulusal egemenli\u011finin ihlalidir ve kabul edilemez ve kabul edilemez\u2019\u2019 dedi.<\/p>\n<p style=\"text-align: justify;\">\u00d6te yandan \u0130ran D\u0131\u015fi\u015fleri Bakanl\u0131\u011f\u0131 s\u00f6zc\u00fcs\u00fc, \u00fclkesinin, Umman Sultanl\u0131\u011f\u0131 ba\u015fta olmak \u00fczere dost \u00fclkelerin, \u0130ran n\u00fckleer anla\u015fmas\u0131na ili\u015fkin Ortak Kapsaml\u0131 Eylem Plan\u0131&#8217;na d\u00f6nme giri\u015fimlerini memnuniyetle kar\u015f\u0131lad\u0131\u011f\u0131n\u0131 ifade etti.<\/p>\n<p style=\"text-align: justify;\">Kenaani ayr\u0131ca, \u201cT\u00fcm taraflar\u0131n Kapsaml\u0131 Ortak Eylem Plan\u0131&#8217;na d\u00f6nmesi i\u00e7in m\u00fczakere s\u00fcrecine ba\u011fl\u0131 oldu\u011fumuzu defalarca duyurduk. M\u00fczakere s\u00fcrecini uygun bir s\u00fcre\u00e7 olarak de\u011ferlendiriyoruz ve bu konuda \u00e7e\u015fitli m\u00fczakereler yap\u0131ld\u0131, baz\u0131 dost h\u00fck\u00fcmetler de taraflar aras\u0131nda bak\u0131\u015f a\u00e7\u0131lar\u0131n\u0131n yak\u0131nla\u015ft\u0131r\u0131lmas\u0131 y\u00f6n\u00fcnde giri\u015fimlerde bulundu\u2019\u2019 dedi.<\/p>\n<p><a href=\"https:\/\/t.me\/SuriyeArapHaberAjansI\">Telegram Kanal\u0131m\u0131z\u00a0<\/a><\/p>\n<p><a href=\"https:\/\/www.facebook.com\/SANAHaberAjansi\/\">Facebook Sayfam\u0131z<\/a><\/p>\n<p><a href=\"https:\/\/twitter.com\/arap_ajans\">Twitter Hesab\u0131m\u0131z<\/a><\/p>\n<p style=\"text-align: justify;\">\n","protected":false},"excerpt":{"rendered":"<p>TAHRAN 02 EK\u0130M (SANA) &#8211; \u0130ran D\u0131\u015fi\u015fleri Bakanl\u0131\u011f\u0131 s\u00f6zc\u00fcs\u00fc Nas\u0131r Kenaani, Amerikan i\u015fgalinin Suriye topraklar\u0131ndan \u00e7ekilmesinin gereklili\u011fini yineledi. Keanaani bug\u00fcnk\u00fc haftal\u0131k bas\u0131n toplant\u0131s\u0131 ba\u011flam\u0131nda, \u2018\u2019Amerikan kuvvetleri, Suriye h\u00fck\u00fcmetinin izni olmadan Suriye topraklar\u0131nda bulunamaz \u00e7\u00fcnk\u00fc bu, toprak b\u00fct\u00fcnl\u00fc\u011f\u00fcn\u00fcn ve Suriye&#8217;nin ulusal egemenli\u011finin ihlalidir ve kabul edilemez ve kabul edilemez\u2019\u2019 dedi. \u00d6te yandan \u0130ran D\u0131\u015fi\u015fleri Bakanl\u0131\u011f\u0131 s\u00f6zc\u00fcs\u00fc, &hellip;<\/p>\n","protected":false},"author":41,"featured_media":289206,"comment_status":"closed","ping_status":"closed","sticky":false,"template":"","format":"standard","meta":{"footnotes":""},"categories":[458,459,17988],"tags":[39950,39213],"class_list":["post-289204","post","type-post","status-publish","format-standard","has-post-thumbnail","","category-dunya1","category-haberler-arap-uluslararasi-politika","category-son-haberler","tag-amerikan-isgalinin-suriye-topraklarindan-cekilmesinin-gerekliligini-yineledi","tag-iran-disisleri-bakanligi-sozcusu-nasir-kenaani"],"_links":{"self":[{"href":"https:\/\/archive.sana.sy\/tr\/index.php?rest_route=\/wp\/v2\/posts\/289204","targetHints":{"allow":["GET"]}}],"collection":[{"href":"https:\/\/archive.sana.sy\/tr\/index.php?rest_route=\/wp\/v2\/posts"}],"about":[{"href":"https:\/\/archive.sana.sy\/tr\/index.php?rest_route=\/wp\/v2\/types\/post"}],"author":[{"embeddable":true,"href":"https:\/\/archive.sana.sy\/tr\/index.php?rest_route=\/wp\/v2\/users\/41"}],"replies":[{"embeddable":true,"href":"https:\/\/archive.sana.sy\/tr\/index.php?rest_route=%2Fwp%2Fv2%2Fcomments&post=289204"}],"version-history":[{"count":3,"href":"https:\/\/archive.sana.sy\/tr\/index.php?rest_route=\/wp\/v2\/posts\/289204\/revisions"}],"predecessor-version":[{"id":289208,"href":"https:\/\/archive.sana.sy\/tr\/index.php?rest_route=\/wp\/v2\/posts\/289204\/revisions\/289208"}],"wp:featuredmedia":[{"embeddable":true,"href":"https:\/\/archive.sana.sy\/tr\/index.php?rest_route=\/wp\/v2\/media\/289206"}],"wp:attachment":[{"href":"https:\/\/archive.sana.sy\/tr\/index.php?rest_route=%2Fwp%2Fv2%2Fmedia&parent=289204"}],"wp:term":[{"taxonomy":"category","embeddable":true,"href":"https:\/\/archive.sana.sy\/tr\/index.php?rest_route=%2Fwp%2Fv2%2Fcategories&post=289204"},{"taxonomy":"post_tag","embeddable":true,"href":"https:\/\/archive.sana.sy\/tr\/index.php?rest_route=%2Fwp%2Fv2%2Ftags&post=289204"}],"curies":[{"name":"wp","href":"https:\/\/api.w.org\/{rel}","templated":true}]}}