{"id":289209,"date":"2023-10-02T15:45:18","date_gmt":"2023-10-02T12:45:18","guid":{"rendered":"http:\/\/sana.sy\/tr\/?p=289209"},"modified":"2023-10-04T08:50:00","modified_gmt":"2023-10-04T05:50:00","slug":"dunya-geleneksel-karate-sampiyonasinda-suriyeye-altin-madalya","status":"publish","type":"post","link":"https:\/\/archive.sana.sy\/tr\/?p=289209","title":{"rendered":"D\u00fcnya Geleneksel Karate \u015eampiyonas\u0131&#8217;nda Suriye&#8217;ye Alt\u0131n Madalya"},"content":{"rendered":"<p style=\"text-align: justify;\"><strong>AT\u0130NA 02 EK\u0130M (SANA)<\/strong> &#8211; Suriyeli Shotokan d\u00f6v\u00fc\u015f sanatlar\u0131 tak\u0131m\u0131 oyuncusu Enes Cebbur, \u015fu anda Yunanistan&#8217;da d\u00fczenlenen 29. D\u00fcnya Geleneksel Karate \u015eampiyonas\u0131&#8217;nda bireysel d\u00f6v\u00fc\u015fte alt\u0131n madalya kazand\u0131.<\/p>\n<p style=\"text-align: justify;\">D\u00f6v\u00fc\u015f Sanatlar\u0131 Federasyonu Ba\u015fkan Yard\u0131mc\u0131s\u0131 Ziyad \u0130brahim, SANA&#8217;ya yapt\u0131\u011f\u0131 a\u00e7\u0131klamada, oyuncu Enes Cebru&#8217;nun bu zaferi elde ederek \u00fcst \u00fcste ikinci y\u0131l unvan\u0131n\u0131 korumay\u0131 ba\u015fard\u0131\u011f\u0131n\u0131 belirtti.<\/p>\n<p style=\"text-align: justify;\">\u0130brahim, D\u00fcnya \u015eampiyonas\u0131&#8217;nda birincilik ve alt\u0131n madalya elde etmenin genelde Suriye sporu, \u00f6zelde ise geleneksel karate i\u00e7in \u00f6nemli bir ba\u015far\u0131 oldu\u011funa da \u00a0dikkat \u00e7ekti.<\/p>\n<p><a href=\"https:\/\/t.me\/SuriyeArapHaberAjansI\">Telegram Kanal\u0131m\u0131z\u00a0<\/a><\/p>\n<p><a href=\"https:\/\/www.facebook.com\/SANAHaberAjansi\/\">Facebook Sayfam\u0131z<\/a><\/p>\n<p><a href=\"https:\/\/twitter.com\/arap_ajans\">Twitter Hesab\u0131m\u0131z<\/a><\/p>\n","protected":false},"excerpt":{"rendered":"<p>AT\u0130NA 02 EK\u0130M (SANA) &#8211; Suriyeli Shotokan d\u00f6v\u00fc\u015f sanatlar\u0131 tak\u0131m\u0131 oyuncusu Enes Cebbur, \u015fu anda Yunanistan&#8217;da d\u00fczenlenen 29. D\u00fcnya Geleneksel Karate \u015eampiyonas\u0131&#8217;nda bireysel d\u00f6v\u00fc\u015fte alt\u0131n madalya kazand\u0131. D\u00f6v\u00fc\u015f Sanatlar\u0131 Federasyonu Ba\u015fkan Yard\u0131mc\u0131s\u0131 Ziyad \u0130brahim, SANA&#8217;ya yapt\u0131\u011f\u0131 a\u00e7\u0131klamada, oyuncu Enes Cebru&#8217;nun bu zaferi elde ederek \u00fcst \u00fcste ikinci y\u0131l unvan\u0131n\u0131 korumay\u0131 ba\u015fard\u0131\u011f\u0131n\u0131 belirtti. \u0130brahim, D\u00fcnya \u015eampiyonas\u0131&#8217;nda &hellip;<\/p>\n","protected":false},"author":41,"featured_media":289211,"comment_status":"closed","ping_status":"closed","sticky":false,"template":"","format":"standard","meta":{"footnotes":""},"categories":[458,498,459,17988,496],"tags":[39951],"class_list":["post-289209","post","type-post","status-publish","format-standard","has-post-thumbnail","","category-dunya1","category-dunya-turnuvalari","category-haberler-arap-uluslararasi-politika","category-son-haberler","category-spor","tag-dunya-geleneksel-karate-sampiyonasinda-suriyeye-altin-madalya"],"_links":{"self":[{"href":"https:\/\/archive.sana.sy\/tr\/index.php?rest_route=\/wp\/v2\/posts\/289209","targetHints":{"allow":["GET"]}}],"collection":[{"href":"https:\/\/archive.sana.sy\/tr\/index.php?rest_route=\/wp\/v2\/posts"}],"about":[{"href":"https:\/\/archive.sana.sy\/tr\/index.php?rest_route=\/wp\/v2\/types\/post"}],"author":[{"embeddable":true,"href":"https:\/\/archive.sana.sy\/tr\/index.php?rest_route=\/wp\/v2\/users\/41"}],"replies":[{"embeddable":true,"href":"https:\/\/archive.sana.sy\/tr\/index.php?rest_route=%2Fwp%2Fv2%2Fcomments&post=289209"}],"version-history":[{"count":2,"href":"https:\/\/archive.sana.sy\/tr\/index.php?rest_route=\/wp\/v2\/posts\/289209\/revisions"}],"predecessor-version":[{"id":289234,"href":"https:\/\/archive.sana.sy\/tr\/index.php?rest_route=\/wp\/v2\/posts\/289209\/revisions\/289234"}],"wp:featuredmedia":[{"embeddable":true,"href":"https:\/\/archive.sana.sy\/tr\/index.php?rest_route=\/wp\/v2\/media\/289211"}],"wp:attachment":[{"href":"https:\/\/archive.sana.sy\/tr\/index.php?rest_route=%2Fwp%2Fv2%2Fmedia&parent=289209"}],"wp:term":[{"taxonomy":"category","embeddable":true,"href":"https:\/\/archive.sana.sy\/tr\/index.php?rest_route=%2Fwp%2Fv2%2Fcategories&post=289209"},{"taxonomy":"post_tag","embeddable":true,"href":"https:\/\/archive.sana.sy\/tr\/index.php?rest_route=%2Fwp%2Fv2%2Ftags&post=289209"}],"curies":[{"name":"wp","href":"https:\/\/api.w.org\/{rel}","templated":true}]}}