{"id":289219,"date":"2023-10-02T12:37:48","date_gmt":"2023-10-02T09:37:48","guid":{"rendered":"http:\/\/sana.sy\/tr\/?p=289219"},"modified":"2023-10-04T08:49:54","modified_gmt":"2023-10-04T05:49:54","slug":"rus-ordusu-ukrayna-rejim-guclerinin-saldirilarini-engelleyerek-45-ihayi-dusurdu","status":"publish","type":"post","link":"https:\/\/archive.sana.sy\/tr\/?p=289219","title":{"rendered":"Rus Ordusu, Ukrayna Rejim G\u00fc\u00e7lerinin Sald\u0131r\u0131lar\u0131n\u0131 Engelleyerek 45 \u0130HA\u2019y\u0131 D\u00fc\u015f\u00fcrd\u00fc"},"content":{"rendered":"<p style=\"text-align: justify;\"><strong>MOSKOVA 02 EK\u0130M (SANA)<\/strong> &#8211; Rus ordusu, ge\u00e7ti\u011fimiz g\u00fcn boyunca Ukrayna rejim g\u00fc\u00e7lerinin t\u00fcm sald\u0131r\u0131lar\u0131n\u0131 p\u00fcsk\u00fcrterek y\u00fczlerce mensubunu imha etti ve 45 \u0130HA&#8217;y\u0131 d\u00fc\u015f\u00fcrd\u00fc.<\/p>\n<p style=\"text-align: justify;\"><img loading=\"lazy\" decoding=\"async\" class=\"size-full wp-image-289221 alignright\" src=\"http:\/\/sana.sy\/tr\/wp-content\/uploads\/2023\/10\/Untitled-1-4-300x169-1.jpg\" alt=\"\" width=\"300\" height=\"169\" \/>Rusya Savunma Bakanl\u0131\u011f\u0131&#8217;n\u0131n, Rusya&#8217;n\u0131n Donbas&#8217;taki \u00f6zel askeri operasyonunun y\u00fcr\u00fct\u00fclmesine ili\u015fkin g\u00fcnl\u00fck a\u00e7\u0131klamas\u0131nda, Rus kuvvetlerinin Ukrayna kuvvetlerinin Krasno-Liman ekseninde d\u00fczenledi\u011fi iki sald\u0131r\u0131y\u0131 p\u00fcsk\u00fcrtt\u00fc\u011f\u00fc ve 60&#8217;tan fazla askerin etkisiz hale getirildi\u011fi belirtildi.<\/p>\n<p style=\"text-align: justify;\">A\u00e7\u0131klamaya g\u00f6re:<\/p>\n<ul>\n<li style=\"text-align: justify;\">Rus kuvvetleri ayr\u0131ca Donetsk eksenine y\u00f6nelik \u00fc\u00e7 Ukrayna sald\u0131r\u0131s\u0131n\u0131 da p\u00fcsk\u00fcrtt\u00fc.<\/li>\n<li style=\"text-align: justify;\">Ukrayna kuvvetlerinin kay\u0131plar\u0131 yakla\u015f\u0131k 180 askere ula\u015ft\u0131.<\/li>\n<li style=\"text-align: justify;\">Ge\u00e7ti\u011fimiz g\u00fcn Rus hava savunma sistemleri 45 insans\u0131z hava arac\u0131n\u0131 d\u00fc\u015f\u00fcrd\u00fc ve Amerikan \u201cHIMARS\u201d sisteminden f\u0131rlat\u0131lan iki f\u00fczeyi durdurdu.<\/li>\n<li style=\"text-align: justify;\">Rus g\u00fc\u00e7leri, Dnepropetrovsk Havaliman\u0131&#8217;nda Ukrayna Hava Kuvvetleri&#8217;ne ait yak\u0131t ve silah depolar\u0131n\u0131 imha etti.<\/li>\n<li style=\"text-align: justify;\">Kharkov vilayetinde Kubyansk ekseninde 65 Ukraynal\u0131 askeri ortadan kald\u0131rmay\u0131 ba\u015fard\u0131m.<\/li>\n<li style=\"text-align: justify;\">Lugansk Halk Cumhuriyeti&#8217;nin Petrovsky b\u00f6lgesindeki Ukrayna kuvvetlerine ait bir ileti\u015fim merkezini yok etti.<\/li>\n<\/ul>\n","protected":false},"excerpt":{"rendered":"<p>MOSKOVA 02 EK\u0130M (SANA) &#8211; Rus ordusu, ge\u00e7ti\u011fimiz g\u00fcn boyunca Ukrayna rejim g\u00fc\u00e7lerinin t\u00fcm sald\u0131r\u0131lar\u0131n\u0131 p\u00fcsk\u00fcrterek y\u00fczlerce mensubunu imha etti ve 45 \u0130HA&#8217;y\u0131 d\u00fc\u015f\u00fcrd\u00fc. Rusya Savunma Bakanl\u0131\u011f\u0131&#8217;n\u0131n, Rusya&#8217;n\u0131n Donbas&#8217;taki \u00f6zel askeri operasyonunun y\u00fcr\u00fct\u00fclmesine ili\u015fkin g\u00fcnl\u00fck a\u00e7\u0131klamas\u0131nda, Rus kuvvetlerinin Ukrayna kuvvetlerinin Krasno-Liman ekseninde d\u00fczenledi\u011fi iki sald\u0131r\u0131y\u0131 p\u00fcsk\u00fcrtt\u00fc\u011f\u00fc ve 60&#8217;tan fazla askerin etkisiz hale getirildi\u011fi belirtildi. A\u00e7\u0131klamaya &hellip;<\/p>\n","protected":false},"author":41,"featured_media":289220,"comment_status":"closed","ping_status":"closed","sticky":false,"template":"","format":"standard","meta":{"footnotes":""},"categories":[458,459,17988],"tags":[38262,39953],"class_list":["post-289219","post","type-post","status-publish","format-standard","has-post-thumbnail","","category-dunya1","category-haberler-arap-uluslararasi-politika","category-son-haberler","tag-rus-ordusu","tag-ukrayna-rejim-guclerinin-saldirilarini-engelleyerek-45-ihayi-dusurdu"],"_links":{"self":[{"href":"https:\/\/archive.sana.sy\/tr\/index.php?rest_route=\/wp\/v2\/posts\/289219","targetHints":{"allow":["GET"]}}],"collection":[{"href":"https:\/\/archive.sana.sy\/tr\/index.php?rest_route=\/wp\/v2\/posts"}],"about":[{"href":"https:\/\/archive.sana.sy\/tr\/index.php?rest_route=\/wp\/v2\/types\/post"}],"author":[{"embeddable":true,"href":"https:\/\/archive.sana.sy\/tr\/index.php?rest_route=\/wp\/v2\/users\/41"}],"replies":[{"embeddable":true,"href":"https:\/\/archive.sana.sy\/tr\/index.php?rest_route=%2Fwp%2Fv2%2Fcomments&post=289219"}],"version-history":[{"count":1,"href":"https:\/\/archive.sana.sy\/tr\/index.php?rest_route=\/wp\/v2\/posts\/289219\/revisions"}],"predecessor-version":[{"id":289222,"href":"https:\/\/archive.sana.sy\/tr\/index.php?rest_route=\/wp\/v2\/posts\/289219\/revisions\/289222"}],"wp:featuredmedia":[{"embeddable":true,"href":"https:\/\/archive.sana.sy\/tr\/index.php?rest_route=\/wp\/v2\/media\/289220"}],"wp:attachment":[{"href":"https:\/\/archive.sana.sy\/tr\/index.php?rest_route=%2Fwp%2Fv2%2Fmedia&parent=289219"}],"wp:term":[{"taxonomy":"category","embeddable":true,"href":"https:\/\/archive.sana.sy\/tr\/index.php?rest_route=%2Fwp%2Fv2%2Fcategories&post=289219"},{"taxonomy":"post_tag","embeddable":true,"href":"https:\/\/archive.sana.sy\/tr\/index.php?rest_route=%2Fwp%2Fv2%2Ftags&post=289219"}],"curies":[{"name":"wp","href":"https:\/\/api.w.org\/{rel}","templated":true}]}}