{"id":289223,"date":"2023-10-02T18:15:24","date_gmt":"2023-10-02T15:15:24","guid":{"rendered":"http:\/\/sana.sy\/tr\/?p=289223"},"modified":"2023-10-04T08:50:06","modified_gmt":"2023-10-04T05:50:06","slug":"cumhurbaskani-esadin-onunde-muhammed-muhammed-suriyenin-tunus-buyukelcisi-olarak-yemin-etti","status":"publish","type":"post","link":"https:\/\/archive.sana.sy\/tr\/?p=289223","title":{"rendered":"Cumhurba\u015fkan\u0131 Esad&#8217;\u0131n \u00d6n\u00fcnde&#8230; Muhammed Muhammed, Suriye&#8217;nin Tunus B\u00fcy\u00fckel\u00e7isi Olarak Yemin Etti"},"content":{"rendered":"<p style=\"text-align: justify;\"><strong>\u015eAM 02 EK\u0130M (SANA)<\/strong> &#8211; Muhammed Muhammed, bug\u00fcn Suriye Arap Cumhuriyeti&#8217;nin Tunus Cumhuriyeti B\u00fcy\u00fckel\u00e7isi olarak Cumhurba\u015fkan\u0131 Be\u015f\u015far Esad&#8217;\u0131n huzurunda yemin etti.<\/p>\n<p style=\"text-align: justify;\">Daha sonra Cumhurba\u015fkan\u0131 Esad, B\u00fcy\u00fckel\u00e7i Muhammed&#8217;i kabul ederek kendisine rehberlik etti ve g\u00f6revinde ba\u015far\u0131lar diledi.<\/p>\n<p style=\"text-align: justify;\">Yemin t\u00f6renine D\u0131\u015fi\u015fleri ve G\u00f6\u00e7menler Bakan\u0131 Faysal Mikdad ve Cumhurba\u015fkanl\u0131\u011f\u0131 Bakan\u0131 Mensur Azzam kat\u0131ld\u0131.<\/p>\n<div id='gallery-1' class='gallery galleryid-289223 gallery-columns-1 gallery-size-full'><figure class='gallery-item'>\n\t\t\t<div class='gallery-icon landscape'>\n\t\t\t\t<a href='https:\/\/archive.sana.sy\/tr\/?attachment_id=289229'><img loading=\"lazy\" decoding=\"async\" width=\"1200\" height=\"723\" src=\"https:\/\/archive.sana.sy\/tr\/wp-content\/uploads\/2023\/10\/01-1.jpg\" class=\"attachment-full size-full\" alt=\"\" srcset=\"https:\/\/archive.sana.sy\/tr\/wp-content\/uploads\/2023\/10\/01-1.jpg 1200w, https:\/\/archive.sana.sy\/tr\/wp-content\/uploads\/2023\/10\/01-1-300x181.jpg 300w, https:\/\/archive.sana.sy\/tr\/wp-content\/uploads\/2023\/10\/01-1-1024x617.jpg 1024w, https:\/\/archive.sana.sy\/tr\/wp-content\/uploads\/2023\/10\/01-1-768x463.jpg 768w\" sizes=\"auto, (max-width: 1200px) 100vw, 1200px\" \/><\/a>\n\t\t\t<\/div><\/figure>\n\t\t<\/div>\n\n<p style=\"text-align: justify;\"><a href=\"https:\/\/t.me\/SuriyeArapHaberAjansI\">Telegram Kanal\u0131m\u0131z\u00a0<\/a><\/p>\n<p style=\"text-align: justify;\"><a href=\"https:\/\/www.facebook.com\/SANAHaberAjansi\/\">Facebook Sayfam\u0131z<\/a><\/p>\n<p style=\"text-align: justify;\"><a href=\"https:\/\/twitter.com\/arap_ajans\">Twitter Hesab\u0131m\u0131z<\/a><\/p>\n","protected":false},"excerpt":{"rendered":"<p>\u015eAM 02 EK\u0130M (SANA) &#8211; Muhammed Muhammed, bug\u00fcn Suriye Arap Cumhuriyeti&#8217;nin Tunus Cumhuriyeti B\u00fcy\u00fckel\u00e7isi olarak Cumhurba\u015fkan\u0131 Be\u015f\u015far Esad&#8217;\u0131n huzurunda yemin etti. Daha sonra Cumhurba\u015fkan\u0131 Esad, B\u00fcy\u00fckel\u00e7i Muhammed&#8217;i kabul ederek kendisine rehberlik etti ve g\u00f6revinde ba\u015far\u0131lar diledi. Yemin t\u00f6renine D\u0131\u015fi\u015fleri ve G\u00f6\u00e7menler Bakan\u0131 Faysal Mikdad ve Cumhurba\u015fkanl\u0131\u011f\u0131 Bakan\u0131 Mensur Azzam kat\u0131ld\u0131. Telegram Kanal\u0131m\u0131z\u00a0 Facebook Sayfam\u0131z Twitter &hellip;<\/p>\n","protected":false},"author":41,"featured_media":289224,"comment_status":"closed","ping_status":"closed","sticky":false,"template":"","format":"standard","meta":{"footnotes":""},"categories":[606,6459,605],"tags":[39954,39955],"class_list":["post-289223","post","type-post","status-publish","format-standard","has-post-thumbnail","","category-cumhurbaskani","category-sana-fotolarl","category-sayin-cumhurbaskani","tag-cumhurbaskani-esadin-onunde-muhammed-muhammed","tag-suriyenin-tunus-buyukelcisi-olarak-yemin-etti"],"_links":{"self":[{"href":"https:\/\/archive.sana.sy\/tr\/index.php?rest_route=\/wp\/v2\/posts\/289223","targetHints":{"allow":["GET"]}}],"collection":[{"href":"https:\/\/archive.sana.sy\/tr\/index.php?rest_route=\/wp\/v2\/posts"}],"about":[{"href":"https:\/\/archive.sana.sy\/tr\/index.php?rest_route=\/wp\/v2\/types\/post"}],"author":[{"embeddable":true,"href":"https:\/\/archive.sana.sy\/tr\/index.php?rest_route=\/wp\/v2\/users\/41"}],"replies":[{"embeddable":true,"href":"https:\/\/archive.sana.sy\/tr\/index.php?rest_route=%2Fwp%2Fv2%2Fcomments&post=289223"}],"version-history":[{"count":4,"href":"https:\/\/archive.sana.sy\/tr\/index.php?rest_route=\/wp\/v2\/posts\/289223\/revisions"}],"predecessor-version":[{"id":289231,"href":"https:\/\/archive.sana.sy\/tr\/index.php?rest_route=\/wp\/v2\/posts\/289223\/revisions\/289231"}],"wp:featuredmedia":[{"embeddable":true,"href":"https:\/\/archive.sana.sy\/tr\/index.php?rest_route=\/wp\/v2\/media\/289224"}],"wp:attachment":[{"href":"https:\/\/archive.sana.sy\/tr\/index.php?rest_route=%2Fwp%2Fv2%2Fmedia&parent=289223"}],"wp:term":[{"taxonomy":"category","embeddable":true,"href":"https:\/\/archive.sana.sy\/tr\/index.php?rest_route=%2Fwp%2Fv2%2Fcategories&post=289223"},{"taxonomy":"post_tag","embeddable":true,"href":"https:\/\/archive.sana.sy\/tr\/index.php?rest_route=%2Fwp%2Fv2%2Ftags&post=289223"}],"curies":[{"name":"wp","href":"https:\/\/api.w.org\/{rel}","templated":true}]}}