{"id":289239,"date":"2023-10-03T08:17:53","date_gmt":"2023-10-03T05:17:53","guid":{"rendered":"http:\/\/sana.sy\/tr\/?p=289239"},"modified":"2023-10-05T08:13:50","modified_gmt":"2023-10-05T05:13:50","slug":"dusman-israilin-deyrizor-cevresindeki-saldiriliginda-iki-asker-yaralandi","status":"publish","type":"post","link":"https:\/\/archive.sana.sy\/tr\/?p=289239","title":{"rendered":"D\u00fc\u015fman \u0130srail&#8217;in Deyrezzor \u00c7evresindeki\u00a0Sald\u0131r\u0131l\u0131\u011f\u0131nda \u0130ki Asker Yaraland\u0131"},"content":{"rendered":"<p style=\"text-align: justify;\"><strong>\u015eAM 03 EK\u0130M (SANA)<\/strong> \u2013 D\u00fc\u015fman \u0130srail&#8217;in Deyrezzor kenti \u00e7evresindeki baz\u0131 b\u00f6lgelere y\u00f6nelik sald\u0131rganl\u0131\u011f\u0131 sonucu 2 asker yaraland\u0131.<\/p>\n<p style=\"text-align: justify;\">Askeri bir kaynak SANA&#8217;ya yapt\u0131\u011f\u0131 a\u00e7\u0131klamada, &#8221;Bug\u00fcn 10\/2\/2023 Pazartesi g\u00fcn\u00fc saat 23.50 s\u0131ralar\u0131nda D\u00fc\u015fman \u0130srail, silahl\u0131 kuvvetlerimizin Deyrezzor kenti yak\u0131nlar\u0131ndaki baz\u0131 mevzilerine hava sald\u0131r\u0131s\u0131 d\u00fczenledi&#8221; dedi.<\/p>\n<p style=\"text-align: justify;\">Kaynak ayr\u0131ca, sald\u0131rganl\u0131\u011f\u0131n iki askerin yaralanmas\u0131na ve baz\u0131 maddi kay\u0131plara yol a\u00e7t\u0131\u011f\u0131n\u0131 a\u00e7\u0131klad\u0131.<\/p>\n<p style=\"text-align: justify;\"><a href=\"https:\/\/t.me\/SuriyeArapHaberAjansI\">Telegram Kanal\u0131m\u0131z\u00a0<\/a><\/p>\n<p style=\"text-align: justify;\"><a href=\"https:\/\/www.facebook.com\/SANAHaberAjansi\/\">Facebook Sayfam\u0131z<\/a><\/p>\n<p style=\"text-align: justify;\"><a href=\"https:\/\/twitter.com\/arap_ajans\">Twitter Hesab\u0131m\u0131z<\/a><\/p>\n","protected":false},"excerpt":{"rendered":"<p>\u015eAM 03 EK\u0130M (SANA) \u2013 D\u00fc\u015fman \u0130srail&#8217;in Deyrezzor kenti \u00e7evresindeki baz\u0131 b\u00f6lgelere y\u00f6nelik sald\u0131rganl\u0131\u011f\u0131 sonucu 2 asker yaraland\u0131. Askeri bir kaynak SANA&#8217;ya yapt\u0131\u011f\u0131 a\u00e7\u0131klamada, &#8221;Bug\u00fcn 10\/2\/2023 Pazartesi g\u00fcn\u00fc saat 23.50 s\u0131ralar\u0131nda D\u00fc\u015fman \u0130srail, silahl\u0131 kuvvetlerimizin Deyrezzor kenti yak\u0131nlar\u0131ndaki baz\u0131 mevzilerine hava sald\u0131r\u0131s\u0131 d\u00fczenledi&#8221; dedi. Kaynak ayr\u0131ca, sald\u0131rganl\u0131\u011f\u0131n iki askerin yaralanmas\u0131na ve baz\u0131 maddi kay\u0131plara yol &hellip;<\/p>\n","protected":false},"author":39,"featured_media":289240,"comment_status":"closed","ping_status":"closed","sticky":false,"template":"","format":"standard","meta":{"footnotes":""},"categories":[479,575,17988,478],"tags":[39956],"class_list":["post-289239","post","type-post","status-publish","format-standard","has-post-thumbnail","","category-haberler-yerel","category-olaylar-ve-gercekler","category-son-haberler","category-yerel","tag-deyrezzor-israil"],"_links":{"self":[{"href":"https:\/\/archive.sana.sy\/tr\/index.php?rest_route=\/wp\/v2\/posts\/289239","targetHints":{"allow":["GET"]}}],"collection":[{"href":"https:\/\/archive.sana.sy\/tr\/index.php?rest_route=\/wp\/v2\/posts"}],"about":[{"href":"https:\/\/archive.sana.sy\/tr\/index.php?rest_route=\/wp\/v2\/types\/post"}],"author":[{"embeddable":true,"href":"https:\/\/archive.sana.sy\/tr\/index.php?rest_route=\/wp\/v2\/users\/39"}],"replies":[{"embeddable":true,"href":"https:\/\/archive.sana.sy\/tr\/index.php?rest_route=%2Fwp%2Fv2%2Fcomments&post=289239"}],"version-history":[{"count":5,"href":"https:\/\/archive.sana.sy\/tr\/index.php?rest_route=\/wp\/v2\/posts\/289239\/revisions"}],"predecessor-version":[{"id":289264,"href":"https:\/\/archive.sana.sy\/tr\/index.php?rest_route=\/wp\/v2\/posts\/289239\/revisions\/289264"}],"wp:featuredmedia":[{"embeddable":true,"href":"https:\/\/archive.sana.sy\/tr\/index.php?rest_route=\/wp\/v2\/media\/289240"}],"wp:attachment":[{"href":"https:\/\/archive.sana.sy\/tr\/index.php?rest_route=%2Fwp%2Fv2%2Fmedia&parent=289239"}],"wp:term":[{"taxonomy":"category","embeddable":true,"href":"https:\/\/archive.sana.sy\/tr\/index.php?rest_route=%2Fwp%2Fv2%2Fcategories&post=289239"},{"taxonomy":"post_tag","embeddable":true,"href":"https:\/\/archive.sana.sy\/tr\/index.php?rest_route=%2Fwp%2Fv2%2Ftags&post=289239"}],"curies":[{"name":"wp","href":"https:\/\/api.w.org\/{rel}","templated":true}]}}