{"id":289268,"date":"2023-10-03T14:42:39","date_gmt":"2023-10-03T11:42:39","guid":{"rendered":"http:\/\/sana.sy\/tr\/?p=289268"},"modified":"2023-10-04T08:51:10","modified_gmt":"2023-10-04T05:51:10","slug":"iran-ordusu-ortak-manevralar-sirasinda-yeni-insansiz-hava-aracini-tanitti","status":"publish","type":"post","link":"https:\/\/archive.sana.sy\/tr\/?p=289268","title":{"rendered":"\u0130ran Ordusu Ortak Manevralar S\u0131ras\u0131nda Yeni \u0130nsans\u0131z Hava Arac\u0131n\u0131 Tan\u0131tt\u0131"},"content":{"rendered":"<p style=\"text-align: justify;\"><strong>TAHRAN 03 EK\u0130M (SANA)<\/strong> &#8211; \u0130ran ordusu bug\u00fcn \u00fclke \u00e7ap\u0131ndaki ortak tatbikatlar s\u0131ras\u0131nda &#8220;Keman 19&#8221; ad\u0131 verilen en yeni \u00a0insans\u0131z hava arac\u0131n\u0131 tan\u0131tt\u0131.<\/p>\n<p style=\"text-align: justify;\">Bu manevralar\u0131n s\u00f6zc\u00fcs\u00fc Tu\u011fgeneral Amir Ali R\u0131za El \u015eeyh, &#8220;Violin 19&#8221; u\u00e7a\u011f\u0131n\u0131n ilk kez muharebe u\u00e7u\u015fu ger\u00e7ekle\u015ftirerek ve ordunun drone \u00fcslerinden birinden u\u00e7arak operasyonel d\u00f6ng\u00fcye girdi\u011fini duyurdu. Yeni \u0130HA elektronik harp ve radar kar\u0131\u015ft\u0131rma operasyonu da havada ba\u015far\u0131yla ger\u00e7ekle\u015ftirildi.<\/p>\n<p style=\"text-align: justify;\">R\u0131za El \u015eeyh, \u2018\u2019D\u00f6rt ordu kuvvetinin elektronik harp birimleri, elektronik harp y\u00f6ntem ve \u00e7\u00f6z\u00fcmlerini e\u011fitip uygulad\u0131. Drone ileti\u015fimini bozma operasyonu Ababil 4 ve Violin 19 drone&#8217;lar\u0131 taraf\u0131ndan ba\u015far\u0131yla ger\u00e7ekle\u015ftirildi\u2019\u2019 ifadelerini kulland\u0131.<\/p>\n<p style=\"text-align: justify;\">R\u0131za El \u015eeyh Ayr\u0131ca, tatbikatta kullan\u0131lan yerli te\u00e7hizat ve silahlar\u0131n b\u00fcy\u00fck bir k\u0131sm\u0131n\u0131n gen\u00e7ler ve evdeki uzmanlar taraf\u0131ndan tasarlan\u0131p \u00fcretildi\u011fini, bu silahlarda kullan\u0131lan teknolojilerin s\u0131n\u0131fland\u0131r\u0131lmas\u0131 ve gizlili\u011fi nedeniyle medyada yay\u0131nlanamayaca\u011f\u0131n\u0131 a\u00e7\u0131klarken, \u2018\u2019B\u00f6lge \u00fclkeleri \u015funu bilmelidir ki, b\u00f6lge d\u0131\u015f\u0131ndan d\u0131\u015f g\u00fc\u00e7lerin varl\u0131\u011f\u0131na ihtiya\u00e7 duymadan, i\u00e7 g\u00fcce ve birli\u011fe g\u00fcvenerek b\u00f6lgede bar\u0131\u015f ve g\u00fcvenli\u011fi sa\u011flayabiliriz\u2019\u2019 dedi.<\/p>\n<p style=\"text-align: justify;\"><a href=\"https:\/\/t.me\/SuriyeArapHaberAjansI\">Telegram Kanal\u0131m\u0131z\u00a0<\/a><\/p>\n<p style=\"text-align: justify;\"><a href=\"https:\/\/www.facebook.com\/SANAHaberAjansi\/\">Facebook Sayfam\u0131z<\/a><\/p>\n<p style=\"text-align: justify;\"><a href=\"https:\/\/twitter.com\/arap_ajans\">Twitter Hesab\u0131m\u0131z<\/a><\/p>\n<p style=\"text-align: justify;\">\n","protected":false},"excerpt":{"rendered":"<p>TAHRAN 03 EK\u0130M (SANA) &#8211; \u0130ran ordusu bug\u00fcn \u00fclke \u00e7ap\u0131ndaki ortak tatbikatlar s\u0131ras\u0131nda &#8220;Keman 19&#8221; ad\u0131 verilen en yeni \u00a0insans\u0131z hava arac\u0131n\u0131 tan\u0131tt\u0131. Bu manevralar\u0131n s\u00f6zc\u00fcs\u00fc Tu\u011fgeneral Amir Ali R\u0131za El \u015eeyh, &#8220;Violin 19&#8221; u\u00e7a\u011f\u0131n\u0131n ilk kez muharebe u\u00e7u\u015fu ger\u00e7ekle\u015ftirerek ve ordunun drone \u00fcslerinden birinden u\u00e7arak operasyonel d\u00f6ng\u00fcye girdi\u011fini duyurdu. Yeni \u0130HA elektronik harp ve &hellip;<\/p>\n","protected":false},"author":41,"featured_media":289269,"comment_status":"closed","ping_status":"closed","sticky":false,"template":"","format":"standard","meta":{"footnotes":""},"categories":[458,459,17988],"tags":[39961,39960,39962],"class_list":["post-289268","post","type-post","status-publish","format-standard","has-post-thumbnail","","category-dunya1","category-haberler-arap-uluslararasi-politika","category-son-haberler","tag-keman-19","tag-iran-ordusu-ortak-manevralar-sirasinda-yeni-insansiz-hava-aracini-tanitti","tag-iranda-silah-uretimi"],"_links":{"self":[{"href":"https:\/\/archive.sana.sy\/tr\/index.php?rest_route=\/wp\/v2\/posts\/289268","targetHints":{"allow":["GET"]}}],"collection":[{"href":"https:\/\/archive.sana.sy\/tr\/index.php?rest_route=\/wp\/v2\/posts"}],"about":[{"href":"https:\/\/archive.sana.sy\/tr\/index.php?rest_route=\/wp\/v2\/types\/post"}],"author":[{"embeddable":true,"href":"https:\/\/archive.sana.sy\/tr\/index.php?rest_route=\/wp\/v2\/users\/41"}],"replies":[{"embeddable":true,"href":"https:\/\/archive.sana.sy\/tr\/index.php?rest_route=%2Fwp%2Fv2%2Fcomments&post=289268"}],"version-history":[{"count":4,"href":"https:\/\/archive.sana.sy\/tr\/index.php?rest_route=\/wp\/v2\/posts\/289268\/revisions"}],"predecessor-version":[{"id":289296,"href":"https:\/\/archive.sana.sy\/tr\/index.php?rest_route=\/wp\/v2\/posts\/289268\/revisions\/289296"}],"wp:featuredmedia":[{"embeddable":true,"href":"https:\/\/archive.sana.sy\/tr\/index.php?rest_route=\/wp\/v2\/media\/289269"}],"wp:attachment":[{"href":"https:\/\/archive.sana.sy\/tr\/index.php?rest_route=%2Fwp%2Fv2%2Fmedia&parent=289268"}],"wp:term":[{"taxonomy":"category","embeddable":true,"href":"https:\/\/archive.sana.sy\/tr\/index.php?rest_route=%2Fwp%2Fv2%2Fcategories&post=289268"},{"taxonomy":"post_tag","embeddable":true,"href":"https:\/\/archive.sana.sy\/tr\/index.php?rest_route=%2Fwp%2Fv2%2Ftags&post=289268"}],"curies":[{"name":"wp","href":"https:\/\/api.w.org\/{rel}","templated":true}]}}