{"id":289276,"date":"2023-10-03T15:06:39","date_gmt":"2023-10-03T12:06:39","guid":{"rendered":"http:\/\/sana.sy\/tr\/?p=289276"},"modified":"2023-10-04T08:51:12","modified_gmt":"2023-10-04T05:51:12","slug":"hamaney-siyonist-varlik-gecici-ve-filistinli-gencler-isgale-direnmeye-devam-ediyor","status":"publish","type":"post","link":"https:\/\/archive.sana.sy\/tr\/?p=289276","title":{"rendered":"Hamaney: Siyonist Varl\u0131k Ge\u00e7ici Ve Filistinli Gen\u00e7ler \u0130\u015fgale Direnmeye Devam Ediyor"},"content":{"rendered":"<p style=\"text-align: justify;\"><strong>TAHRAN 03 EK\u0130M (SANA)<\/strong> \u2013 \u0130ran \u0130slam Devrimi Lideri \u0130mam Seyyid Ali Hamaney, Siyonist varl\u0131\u011f\u0131n ge\u00e7ici oldu\u011funu, Filistinli gen\u00e7lerin i\u015fgale ve adaletsizli\u011fe kar\u015f\u0131 ayakland\u0131\u011f\u0131n\u0131, kararl\u0131l\u0131k ve direni\u015flerini s\u00fcrd\u00fcrd\u00fcklerini vurgulad\u0131.<\/p>\n<p style=\"text-align: justify;\">Hamaney bug\u00fcn aralar\u0131nda Suriye&#8217;nin Tahran B\u00fcy\u00fckel\u00e7isi Dr. \u015eafik Deyub&#8217;un da bulundu\u011fu \u0130slam \u00fclkeleri vatanda\u015flar\u0131, yetkilileri ve b\u00fcy\u00fckel\u00e7ileriyle ve \u0130slam Birli\u011fi Konferans\u0131 kat\u0131l\u0131mc\u0131lar\u0131ndan olu\u015fan bir kalabal\u0131kla yapt\u0131\u011f\u0131 toplant\u0131da \u015funu ekledi: \u2018\u2019Siyonist varl\u0131k nefret ve \u00f6fkeyle doludur ve onunla normalle\u015fme \u00fczerine oynamak ba\u015far\u0131s\u0131zl\u0131\u011fa mahkumdur.\u2019\u2019<\/p>\n<p style=\"text-align: justify;\">Bug\u00fcn \u0130slam d\u00fc\u015fmanl\u0131\u011f\u0131n\u0131n her zamankinden daha belirgin oldu\u011funa dikkat \u00e7eken Hamaney, &#8220;Su\u00e7 planlayanlar, nefret dolu hakaretler yapanlar b\u00f6ylece kendilerini yok ediyorlar&#8221; ifadelerini kulland\u0131.<\/p>\n<p style=\"text-align: justify;\"><a href=\"https:\/\/t.me\/SuriyeArapHaberAjansI\">Telegram Kanal\u0131m\u0131z\u00a0<\/a><\/p>\n<p style=\"text-align: justify;\"><a href=\"https:\/\/www.facebook.com\/SANAHaberAjansi\/\">Facebook Sayfam\u0131z<\/a><\/p>\n<p style=\"text-align: justify;\"><a href=\"https:\/\/twitter.com\/arap_ajans\">Twitter Hesab\u0131m\u0131z<\/a><\/p>\n","protected":false},"excerpt":{"rendered":"<p>TAHRAN 03 EK\u0130M (SANA) \u2013 \u0130ran \u0130slam Devrimi Lideri \u0130mam Seyyid Ali Hamaney, Siyonist varl\u0131\u011f\u0131n ge\u00e7ici oldu\u011funu, Filistinli gen\u00e7lerin i\u015fgale ve adaletsizli\u011fe kar\u015f\u0131 ayakland\u0131\u011f\u0131n\u0131, kararl\u0131l\u0131k ve direni\u015flerini s\u00fcrd\u00fcrd\u00fcklerini vurgulad\u0131. Hamaney bug\u00fcn aralar\u0131nda Suriye&#8217;nin Tahran B\u00fcy\u00fckel\u00e7isi Dr. \u015eafik Deyub&#8217;un da bulundu\u011fu \u0130slam \u00fclkeleri vatanda\u015flar\u0131, yetkilileri ve b\u00fcy\u00fckel\u00e7ileriyle ve \u0130slam Birli\u011fi Konferans\u0131 kat\u0131l\u0131mc\u0131lar\u0131ndan olu\u015fan bir kalabal\u0131kla yapt\u0131\u011f\u0131 &hellip;<\/p>\n","protected":false},"author":41,"featured_media":289277,"comment_status":"closed","ping_status":"closed","sticky":false,"template":"","format":"standard","meta":{"footnotes":""},"categories":[458,459,17988],"tags":[39963],"class_list":["post-289276","post","type-post","status-publish","format-standard","has-post-thumbnail","","category-dunya1","category-haberler-arap-uluslararasi-politika","category-son-haberler","tag-hamaney-siyonist-varlik-gecici-ve-filistinli-gencler-isgale-direnmeye-devam-ediyor"],"_links":{"self":[{"href":"https:\/\/archive.sana.sy\/tr\/index.php?rest_route=\/wp\/v2\/posts\/289276","targetHints":{"allow":["GET"]}}],"collection":[{"href":"https:\/\/archive.sana.sy\/tr\/index.php?rest_route=\/wp\/v2\/posts"}],"about":[{"href":"https:\/\/archive.sana.sy\/tr\/index.php?rest_route=\/wp\/v2\/types\/post"}],"author":[{"embeddable":true,"href":"https:\/\/archive.sana.sy\/tr\/index.php?rest_route=\/wp\/v2\/users\/41"}],"replies":[{"embeddable":true,"href":"https:\/\/archive.sana.sy\/tr\/index.php?rest_route=%2Fwp%2Fv2%2Fcomments&post=289276"}],"version-history":[{"count":1,"href":"https:\/\/archive.sana.sy\/tr\/index.php?rest_route=\/wp\/v2\/posts\/289276\/revisions"}],"predecessor-version":[{"id":289278,"href":"https:\/\/archive.sana.sy\/tr\/index.php?rest_route=\/wp\/v2\/posts\/289276\/revisions\/289278"}],"wp:featuredmedia":[{"embeddable":true,"href":"https:\/\/archive.sana.sy\/tr\/index.php?rest_route=\/wp\/v2\/media\/289277"}],"wp:attachment":[{"href":"https:\/\/archive.sana.sy\/tr\/index.php?rest_route=%2Fwp%2Fv2%2Fmedia&parent=289276"}],"wp:term":[{"taxonomy":"category","embeddable":true,"href":"https:\/\/archive.sana.sy\/tr\/index.php?rest_route=%2Fwp%2Fv2%2Fcategories&post=289276"},{"taxonomy":"post_tag","embeddable":true,"href":"https:\/\/archive.sana.sy\/tr\/index.php?rest_route=%2Fwp%2Fv2%2Ftags&post=289276"}],"curies":[{"name":"wp","href":"https:\/\/api.w.org\/{rel}","templated":true}]}}