{"id":289279,"date":"2023-10-03T15:28:49","date_gmt":"2023-10-03T12:28:49","guid":{"rendered":"http:\/\/sana.sy\/tr\/?p=289279"},"modified":"2023-10-04T08:51:14","modified_gmt":"2023-10-04T05:51:14","slug":"shoigu-yil-basindan-bu-yana-rus-kuvvetlerinde-gorev-yapan-gonullu-ve-sozlesmeli-asker-sayisini-acikladi","status":"publish","type":"post","link":"https:\/\/archive.sana.sy\/tr\/?p=289279","title":{"rendered":"Shoigu, Y\u0131l Ba\u015f\u0131ndan Bu Yana Rus Kuvvetlerinde G\u00f6rev Yapan G\u00f6n\u00fcll\u00fc Ve S\u00f6zle\u015fmeli Asker Say\u0131s\u0131n\u0131 A\u00e7\u0131klad\u0131"},"content":{"rendered":"<p style=\"text-align: justify;\"><strong>MOSKOVA 03 E<\/strong><strong>K\u0130M (SANA)<\/strong> &#8211; Rusya Savunma Bakan\u0131 Sergei Shoigu, Rusya Silahl\u0131 Kuvvetleri&#8217;nde bu y\u0131l\u0131n ba\u015f\u0131ndan bu yana askerlik hizmetine giren g\u00f6n\u00fcll\u00fc ve s\u00f6zle\u015fmeli asker say\u0131s\u0131n\u0131n 335 bini a\u015fk\u0131n ki\u015fiye ula\u015ft\u0131\u011f\u0131n\u0131 a\u00e7\u0131klad\u0131.<\/p>\n<p style=\"text-align: justify;\">Novosti Ajans\u0131&#8217;n\u0131n bug\u00fcn aktard\u0131\u011f\u0131 Rus Silahl\u0131 Kuvvetleri liderleriyle ger\u00e7ekle\u015ftirdi\u011fi video bas\u0131n toplant\u0131s\u0131nda Shoigu\u2019nun, &#8220;T\u00fcm farkl\u0131 b\u00f6lgeler ve Rus devlet \u015firketleri ortak amac\u0131m\u0131za \u00f6nemli katk\u0131lar sa\u011fl\u0131yor.&#8221; diyerek, \u00a0Rus kuvvetlerinin, Ukrayna kuvvetlerinin muharebe kabiliyetini b\u00fcy\u00fck oranda zay\u0131flatmay\u0131 ba\u015fard\u0131\u011f\u0131n\u0131 ve onlara a\u011f\u0131r hasarlar verdi\u011fini ifade etti\u011fini aktard\u0131.<\/p>\n<p style=\"text-align: justify;\">\u015eoygu ayr\u0131ca, Ukrayna g\u00fc\u00e7lerinin Rabutino ve Verbovoy b\u00f6lgelerindeki Rus savunmas\u0131n\u0131 delmeye y\u00f6nelik t\u00fcm giri\u015fimlerinin ba\u015far\u0131s\u0131z oldu\u011funu, Solidar ve Artemovsk y\u00f6n\u00fcndeki t\u00fcm sald\u0131r\u0131lar\u0131n p\u00fcsk\u00fcrt\u00fcld\u00fc\u011f\u00fcn\u00fc a\u00e7\u0131klad\u0131.<\/p>\n<p><a href=\"https:\/\/t.me\/SuriyeArapHaberAjansI\">Telegram Kanal\u0131m\u0131z\u00a0<\/a><\/p>\n<p><a href=\"https:\/\/www.facebook.com\/SANAHaberAjansi\/\">Facebook Sayfam\u0131z<\/a><\/p>\n<p><a href=\"https:\/\/twitter.com\/arap_ajans\">Twitter Hesab\u0131m\u0131z<\/a><\/p>\n","protected":false},"excerpt":{"rendered":"<p>MOSKOVA 03 EK\u0130M (SANA) &#8211; Rusya Savunma Bakan\u0131 Sergei Shoigu, Rusya Silahl\u0131 Kuvvetleri&#8217;nde bu y\u0131l\u0131n ba\u015f\u0131ndan bu yana askerlik hizmetine giren g\u00f6n\u00fcll\u00fc ve s\u00f6zle\u015fmeli asker say\u0131s\u0131n\u0131n 335 bini a\u015fk\u0131n ki\u015fiye ula\u015ft\u0131\u011f\u0131n\u0131 a\u00e7\u0131klad\u0131. Novosti Ajans\u0131&#8217;n\u0131n bug\u00fcn aktard\u0131\u011f\u0131 Rus Silahl\u0131 Kuvvetleri liderleriyle ger\u00e7ekle\u015ftirdi\u011fi video bas\u0131n toplant\u0131s\u0131nda Shoigu\u2019nun, &#8220;T\u00fcm farkl\u0131 b\u00f6lgeler ve Rus devlet \u015firketleri ortak amac\u0131m\u0131za \u00f6nemli &hellip;<\/p>\n","protected":false},"author":41,"featured_media":289280,"comment_status":"closed","ping_status":"closed","sticky":false,"template":"","format":"standard","meta":{"footnotes":""},"categories":[458,459,17988],"tags":[38954,39964,39965],"class_list":["post-289279","post","type-post","status-publish","format-standard","has-post-thumbnail","","category-dunya1","category-haberler-arap-uluslararasi-politika","category-son-haberler","tag-rusya-savunma-bakani-sergei-shoigu","tag-shoigu","tag-yil-basindan-bu-yana-rus-kuvvetlerinde-gorev-yapan-gonullu-ve-sozlesmeli-asker-sayisini-acikladi"],"_links":{"self":[{"href":"https:\/\/archive.sana.sy\/tr\/index.php?rest_route=\/wp\/v2\/posts\/289279","targetHints":{"allow":["GET"]}}],"collection":[{"href":"https:\/\/archive.sana.sy\/tr\/index.php?rest_route=\/wp\/v2\/posts"}],"about":[{"href":"https:\/\/archive.sana.sy\/tr\/index.php?rest_route=\/wp\/v2\/types\/post"}],"author":[{"embeddable":true,"href":"https:\/\/archive.sana.sy\/tr\/index.php?rest_route=\/wp\/v2\/users\/41"}],"replies":[{"embeddable":true,"href":"https:\/\/archive.sana.sy\/tr\/index.php?rest_route=%2Fwp%2Fv2%2Fcomments&post=289279"}],"version-history":[{"count":1,"href":"https:\/\/archive.sana.sy\/tr\/index.php?rest_route=\/wp\/v2\/posts\/289279\/revisions"}],"predecessor-version":[{"id":289281,"href":"https:\/\/archive.sana.sy\/tr\/index.php?rest_route=\/wp\/v2\/posts\/289279\/revisions\/289281"}],"wp:featuredmedia":[{"embeddable":true,"href":"https:\/\/archive.sana.sy\/tr\/index.php?rest_route=\/wp\/v2\/media\/289280"}],"wp:attachment":[{"href":"https:\/\/archive.sana.sy\/tr\/index.php?rest_route=%2Fwp%2Fv2%2Fmedia&parent=289279"}],"wp:term":[{"taxonomy":"category","embeddable":true,"href":"https:\/\/archive.sana.sy\/tr\/index.php?rest_route=%2Fwp%2Fv2%2Fcategories&post=289279"},{"taxonomy":"post_tag","embeddable":true,"href":"https:\/\/archive.sana.sy\/tr\/index.php?rest_route=%2Fwp%2Fv2%2Ftags&post=289279"}],"curies":[{"name":"wp","href":"https:\/\/api.w.org\/{rel}","templated":true}]}}